{"id":13227,"date":"2019-10-31T11:59:39","date_gmt":"2019-10-31T10:59:39","guid":{"rendered":"http:\/\/sp5.pila.pl\/SP5\/?p=13227"},"modified":"2019-11-04T10:56:02","modified_gmt":"2019-11-04T09:56:02","slug":"piatka-pamieta","status":"publish","type":"post","link":"https:\/\/sp5.pila.pl\/SP5\/2019\/10\/31\/piatka-pamieta\/","title":{"rendered":"Pi\u0105tka pami\u0119ta"},"content":{"rendered":"<p style=\"text-align: justify;\"><a href=\"https:\/\/sp5.pila.pl\/SP5\/2019\/10\/31\/piatka-pamieta\/z15_wm\/\" rel=\"attachment wp-att-13228\"><img loading=\"lazy\" decoding=\"async\" width=\"229\" height=\"172\" class=\"wp-image-13228 alignleft\" alt=\"\" src=\"https:\/\/sp5.pila.pl\/SP5\/wp-content\/uploads\/z15_wm-1024x768.jpg\" srcset=\"https:\/\/sp5.pila.pl\/SP5\/wp-content\/uploads\/z15_wm.jpg 1024w, https:\/\/sp5.pila.pl\/SP5\/wp-content\/uploads\/z15_wm-300x225.jpg 300w, https:\/\/sp5.pila.pl\/SP5\/wp-content\/uploads\/z15_wm-768x576.jpg 768w, https:\/\/sp5.pila.pl\/SP5\/wp-content\/uploads\/z15_wm-655x491.jpg 655w\" sizes=\"auto, (max-width: 229px) 100vw, 229px\" \/><\/a><br \/>\nW ramach akcji &#8222;Szko\u0142a pami\u0119ta&#8221;, <a href=\"https:\/\/sp5.pila.pl\/SP5\/2019\/10\/31\/piatka-pamieta\/22a\/\" rel=\"attachment wp-att-13232\"><img loading=\"lazy\" decoding=\"async\" width=\"145\" height=\"53\" class=\"wp-image-13232 alignleft\" alt=\"\" src=\"https:\/\/sp5.pila.pl\/SP5\/wp-content\/uploads\/22a.jpg\"><\/a>klasa 5B uda\u0142a si\u0119 wczoraj na cmentarz przy al. Powsta\u0144c\u00f3w Wielkopolskich aby uporz\u0105dkowa\u0107 teren wok\u00f3\u0142 grob\u00f3w. Akcja przebieg\u0142a bardzo sprawnie, a teren zn\u00f3w zrobi\u0142 si\u0119 pi\u0119kniejszy. Nie jest to pierwsza nasza lekcja pami\u0119ci w okolicach Wszystkich \u015awi\u0119tych. W przysz\u0142ym tygodniu zrobimy w\u0142asne znicze, a za dwa tygodnie wybierzemy si\u0119 z nimi ponownie na cmentarz, aby odszuka\u0107 zapomniane groby. Zdj\u0119cia wykonali Wojciech Marek i Patryk Kowalski.<\/p>\n<p style=\"text-align: center;\"><a href=\"https:\/\/sp5.pila.pl\/SP5\/galeria-2019-2020\/nggallery\/rok-szkolny-2019-2020\/2019-10-30-Sprz%C4%85tanie-cmentarza-5B\">&gt;&gt; zobacz zdj\u0119cia &lt;&lt;<\/a><\/p>\n","protected":false},"excerpt":{"rendered":"<p>W ramach akcji &#8222;Szko\u0142a pami\u0119ta&#8221;, klasa 5B uda\u0142a si\u0119 wczoraj na cmentarz przy al. Powsta\u0144c\u00f3w Wielkopolskich aby uporz\u0105dkowa\u0107 teren wok\u00f3\u0142 [&hellip;]<\/p>\n","protected":false},"author":1,"featured_media":0,"comment_status":"closed","ping_status":"closed","sticky":false,"template":"","format":"standard","meta":{"_editorskit_title_hidden":false,"_editorskit_reading_time":0,"_editorskit_is_block_options_detached":false,"_editorskit_block_options_position":"{}","rop_custom_images_group":[],"rop_custom_messages_group":[],"rop_publish_now":"initial","rop_publish_now_accounts":[],"rop_publish_now_history":[],"rop_publish_now_status":"pending","_uag_custom_page_level_css":"","site-sidebar-layout":"default","site-content-layout":"","ast-site-content-layout":"default","site-content-style":"default","site-sidebar-style":"default","ast-global-header-display":"","ast-banner-title-visibility":"","ast-main-header-display":"","ast-hfb-above-header-display":"","ast-hfb-below-header-display":"","ast-hfb-mobile-header-display":"","site-post-title":"","ast-breadcrumbs-content":"","ast-featured-img":"","footer-sml-layout":"","ast-disable-related-posts":"","theme-transparent-header-meta":"","adv-header-id-meta":"","stick-header-meta":"","header-above-stick-meta":"","header-main-stick-meta":"","header-below-stick-meta":"","astra-migrate-meta-layouts":"default","ast-page-background-enabled":"default","ast-page-background-meta":{"desktop":{"background-color":"var(--ast-global-color-5)","background-image":"","background-repeat":"repeat","background-position":"center center","background-size":"auto","background-attachment":"scroll","background-type":"","background-media":"","overlay-type":"","overlay-color":"","overlay-opacity":"","overlay-gradient":""},"tablet":{"background-color":"","background-image":"","background-repeat":"repeat","background-position":"center center","background-size":"auto","background-attachment":"scroll","background-type":"","background-media":"","overlay-type":"","overlay-color":"","overlay-opacity":"","overlay-gradient":""},"mobile":{"background-color":"","background-image":"","background-repeat":"repeat","background-position":"center center","background-size":"auto","background-attachment":"scroll","background-type":"","background-media":"","overlay-type":"","overlay-color":"","overlay-opacity":"","overlay-gradient":""}},"ast-content-background-meta":{"desktop":{"background-color":"var(--ast-global-color-4)","background-image":"","background-repeat":"repeat","background-position":"center center","background-size":"auto","background-attachment":"scroll","background-type":"","background-media":"","overlay-type":"","overlay-color":"","overlay-opacity":"","overlay-gradient":""},"tablet":{"background-color":"var(--ast-global-color-4)","background-image":"","background-repeat":"repeat","background-position":"center center","background-size":"auto","background-attachment":"scroll","background-type":"","background-media":"","overlay-type":"","overlay-color":"","overlay-opacity":"","overlay-gradient":""},"mobile":{"background-color":"var(--ast-global-color-4)","background-image":"","background-repeat":"repeat","background-position":"center center","background-size":"auto","background-attachment":"scroll","background-type":"","background-media":"","overlay-type":"","overlay-color":"","overlay-opacity":"","overlay-gradient":""}},"ngg_post_thumbnail":0,"footnotes":""},"categories":[1],"tags":[],"class_list":["post-13227","post","type-post","status-publish","format-standard","hentry","category-bez-kategorii"],"uagb_featured_image_src":{"full":false,"thumbnail":false,"medium":false,"medium_large":false,"large":false,"1536x1536":false,"2048x2048":false},"uagb_author_info":{"display_name":"PMT","author_link":"https:\/\/sp5.pila.pl\/SP5\/author\/ludi\/"},"uagb_comment_info":0,"uagb_excerpt":"W ramach akcji &#8222;Szko\u0142a pami\u0119ta&#8221;, klasa 5B uda\u0142a si\u0119 wczoraj na cmentarz przy al. Powsta\u0144c\u00f3w Wielkopolskich aby uporz\u0105dkowa\u0107 teren wok\u00f3\u0142 [&hellip;]","_links":{"self":[{"href":"https:\/\/sp5.pila.pl\/SP5\/wp-json\/wp\/v2\/posts\/13227","targetHints":{"allow":["GET"]}}],"collection":[{"href":"https:\/\/sp5.pila.pl\/SP5\/wp-json\/wp\/v2\/posts"}],"about":[{"href":"https:\/\/sp5.pila.pl\/SP5\/wp-json\/wp\/v2\/types\/post"}],"author":[{"embeddable":true,"href":"https:\/\/sp5.pila.pl\/SP5\/wp-json\/wp\/v2\/users\/1"}],"replies":[{"embeddable":true,"href":"https:\/\/sp5.pila.pl\/SP5\/wp-json\/wp\/v2\/comments?post=13227"}],"version-history":[{"count":8,"href":"https:\/\/sp5.pila.pl\/SP5\/wp-json\/wp\/v2\/posts\/13227\/revisions"}],"predecessor-version":[{"id":13269,"href":"https:\/\/sp5.pila.pl\/SP5\/wp-json\/wp\/v2\/posts\/13227\/revisions\/13269"}],"wp:attachment":[{"href":"https:\/\/sp5.pila.pl\/SP5\/wp-json\/wp\/v2\/media?parent=13227"}],"wp:term":[{"taxonomy":"category","embeddable":true,"href":"https:\/\/sp5.pila.pl\/SP5\/wp-json\/wp\/v2\/categories?post=13227"},{"taxonomy":"post_tag","embeddable":true,"href":"https:\/\/sp5.pila.pl\/SP5\/wp-json\/wp\/v2\/tags?post=13227"}],"curies":[{"name":"wp","href":"https:\/\/api.w.org\/{rel}","templated":true}]}}