{"id":14396,"date":"2019-12-04T16:34:33","date_gmt":"2019-12-04T15:34:33","guid":{"rendered":"http:\/\/sp5.pila.pl\/SP5\/?p=14396"},"modified":"2019-12-05T10:51:01","modified_gmt":"2019-12-05T09:51:01","slug":"konkurs-recytatorski-poezji-angielskiej","status":"publish","type":"post","link":"https:\/\/sp5.pila.pl\/SP5\/2019\/12\/04\/konkurs-recytatorski-poezji-angielskiej\/","title":{"rendered":"Konkurs Recytatorski Poezji Angielskiej"},"content":{"rendered":"<p style=\"text-align: justify;\"><img loading=\"lazy\" decoding=\"async\" width=\"185\" height=\"169\" class=\"alignnone wp-image-14397 alignleft\" alt=\"\" src=\"https:\/\/sp5.pila.pl\/SP5\/wp-content\/uploads\/recytat.gif\">We wtorek 4 grudnia 2019 roku tr\u00f3jka naszych uczennic: Nadia Nowak, Zuzanna Pawlak oraz Paulina Frydryszek z klasy 6 a reprezentowa\u0142y szko\u0142\u0119 podczas fina\u0142u VII Miejskiego Konkursu Recytatorskiego Poezji Angielskiej, kt\u00f3ry odby\u0142 si\u0119 w Szkole Podstawowej nr 2 im. Olimpijczyk\u00f3w Polskich w Pile. By\u0142 on przeznaczony dla uczni\u00f3w klas 6-8 oraz zosta\u0142 obj\u0119ty patronatem Prezydenta Miasta Pi\u0142y. M\u0142ode artystki oraz arty\u015bci z wielkim zapa\u0142em i przej\u0119ciem prezentowali swoje umiej\u0119tno\u015bci recytatorskie, wszyscy nagradzani byli gromkimi brawami publiczno\u015bci, w\u015br\u00f3d kt\u00f3rej byli r\u00f3wnie\u017c rodzice wyst\u0119puj\u0105cych dzieci. Konkurs sta\u0142 na bardzo wysokim poziomie, gdy\u017c charakteryzowa\u0142 si\u0119 profesjonalizacj\u0105 interpretacji deklamowanych utwor\u00f3w.<\/p>\n<p style=\"text-align: justify;\">Dlatego tym bardziej mi\u0142o jest nam poinformowa\u0107, \u017ce Paulina Frydryszek z klasy 6 a uzyska\u0142a w nim 3 miejsce. Mo\u017cna by s\u0105dzi\u0107, \u017ce je\u017celi podium sk\u0142ada\u0142o by si\u0119 z 5 miejsc to Nadia i Zuzanna r\u00f3wnie\u017c zosta\u0142yby wyr\u00f3\u017cnione.<\/p>\n<p style=\"text-align: right;\">M. Pazdej<\/p>\n<p style=\"text-align: center;\"><a href=\"https:\/\/sp5.pila.pl\/SP5\/galeria-2019-2020\/nggallery\/rok-szkolny-2019-2020\/2019-12-04-Konkurs-Recytatorski-Poezji-Angielskiej\">&gt;&gt;zobacz zdj\u0119cia&lt;&lt;<\/a><\/p>\n","protected":false},"excerpt":{"rendered":"<p>We wtorek 4 grudnia 2019 roku tr\u00f3jka naszych uczennic: Nadia Nowak, Zuzanna Pawlak oraz Paulina Frydryszek z klasy 6 a [&hellip;]<\/p>\n","protected":false},"author":5,"featured_media":0,"comment_status":"closed","ping_status":"closed","sticky":false,"template":"","format":"standard","meta":{"_editorskit_title_hidden":false,"_editorskit_reading_time":0,"_editorskit_is_block_options_detached":false,"_editorskit_block_options_position":"{}","rop_custom_images_group":[],"rop_custom_messages_group":[],"rop_publish_now":"initial","rop_publish_now_accounts":[],"rop_publish_now_history":[],"rop_publish_now_status":"pending","_uag_custom_page_level_css":"","site-sidebar-layout":"default","site-content-layout":"","ast-site-content-layout":"default","site-content-style":"default","site-sidebar-style":"default","ast-global-header-display":"","ast-banner-title-visibility":"","ast-main-header-display":"","ast-hfb-above-header-display":"","ast-hfb-below-header-display":"","ast-hfb-mobile-header-display":"","site-post-title":"","ast-breadcrumbs-content":"","ast-featured-img":"","footer-sml-layout":"","ast-disable-related-posts":"","theme-transparent-header-meta":"","adv-header-id-meta":"","stick-header-meta":"","header-above-stick-meta":"","header-main-stick-meta":"","header-below-stick-meta":"","astra-migrate-meta-layouts":"default","ast-page-background-enabled":"default","ast-page-background-meta":{"desktop":{"background-color":"var(--ast-global-color-5)","background-image":"","background-repeat":"repeat","background-position":"center center","background-size":"auto","background-attachment":"scroll","background-type":"","background-media":"","overlay-type":"","overlay-color":"","overlay-opacity":"","overlay-gradient":""},"tablet":{"background-color":"","background-image":"","background-repeat":"repeat","background-position":"center center","background-size":"auto","background-attachment":"scroll","background-type":"","background-media":"","overlay-type":"","overlay-color":"","overlay-opacity":"","overlay-gradient":""},"mobile":{"background-color":"","background-image":"","background-repeat":"repeat","background-position":"center center","background-size":"auto","background-attachment":"scroll","background-type":"","background-media":"","overlay-type":"","overlay-color":"","overlay-opacity":"","overlay-gradient":""}},"ast-content-background-meta":{"desktop":{"background-color":"var(--ast-global-color-4)","background-image":"","background-repeat":"repeat","background-position":"center center","background-size":"auto","background-attachment":"scroll","background-type":"","background-media":"","overlay-type":"","overlay-color":"","overlay-opacity":"","overlay-gradient":""},"tablet":{"background-color":"var(--ast-global-color-4)","background-image":"","background-repeat":"repeat","background-position":"center center","background-size":"auto","background-attachment":"scroll","background-type":"","background-media":"","overlay-type":"","overlay-color":"","overlay-opacity":"","overlay-gradient":""},"mobile":{"background-color":"var(--ast-global-color-4)","background-image":"","background-repeat":"repeat","background-position":"center center","background-size":"auto","background-attachment":"scroll","background-type":"","background-media":"","overlay-type":"","overlay-color":"","overlay-opacity":"","overlay-gradient":""}},"ngg_post_thumbnail":0,"footnotes":""},"categories":[1],"tags":[],"class_list":["post-14396","post","type-post","status-publish","format-standard","hentry","category-bez-kategorii"],"uagb_featured_image_src":{"full":false,"thumbnail":false,"medium":false,"medium_large":false,"large":false,"1536x1536":false,"2048x2048":false},"uagb_author_info":{"display_name":"Kasia","author_link":"https:\/\/sp5.pila.pl\/SP5\/author\/kasia\/"},"uagb_comment_info":0,"uagb_excerpt":"We wtorek 4 grudnia 2019 roku tr\u00f3jka naszych uczennic: Nadia Nowak, Zuzanna Pawlak oraz Paulina Frydryszek z klasy 6 a [&hellip;]","_links":{"self":[{"href":"https:\/\/sp5.pila.pl\/SP5\/wp-json\/wp\/v2\/posts\/14396","targetHints":{"allow":["GET"]}}],"collection":[{"href":"https:\/\/sp5.pila.pl\/SP5\/wp-json\/wp\/v2\/posts"}],"about":[{"href":"https:\/\/sp5.pila.pl\/SP5\/wp-json\/wp\/v2\/types\/post"}],"author":[{"embeddable":true,"href":"https:\/\/sp5.pila.pl\/SP5\/wp-json\/wp\/v2\/users\/5"}],"replies":[{"embeddable":true,"href":"https:\/\/sp5.pila.pl\/SP5\/wp-json\/wp\/v2\/comments?post=14396"}],"version-history":[{"count":4,"href":"https:\/\/sp5.pila.pl\/SP5\/wp-json\/wp\/v2\/posts\/14396\/revisions"}],"predecessor-version":[{"id":14411,"href":"https:\/\/sp5.pila.pl\/SP5\/wp-json\/wp\/v2\/posts\/14396\/revisions\/14411"}],"wp:attachment":[{"href":"https:\/\/sp5.pila.pl\/SP5\/wp-json\/wp\/v2\/media?parent=14396"}],"wp:term":[{"taxonomy":"category","embeddable":true,"href":"https:\/\/sp5.pila.pl\/SP5\/wp-json\/wp\/v2\/categories?post=14396"},{"taxonomy":"post_tag","embeddable":true,"href":"https:\/\/sp5.pila.pl\/SP5\/wp-json\/wp\/v2\/tags?post=14396"}],"curies":[{"name":"wp","href":"https:\/\/api.w.org\/{rel}","templated":true}]}}