{"id":15967,"date":"2020-02-22T19:17:45","date_gmt":"2020-02-22T18:17:45","guid":{"rendered":"http:\/\/sp5.pila.pl\/SP5\/?p=15967"},"modified":"2020-02-22T19:36:54","modified_gmt":"2020-02-22T18:36:54","slug":"wywiad-z-p-piotrem-tobola","status":"publish","type":"post","link":"https:\/\/sp5.pila.pl\/SP5\/2020\/02\/22\/wywiad-z-p-piotrem-tobola\/","title":{"rendered":"Wywiad z p. Piotrem Tobo\u0142\u0105"},"content":{"rendered":"<p style=\"text-align: justify;\"><a href=\"https:\/\/sp5.pila.pl\/SP5\/cyfrowa-dziecieca-encyklopedia-wielkopolan\/logo\/\" rel=\"attachment wp-att-13243\"><img loading=\"lazy\" decoding=\"async\" class=\"wp-image-13243 alignleft\" src=\"https:\/\/sp5.pila.pl\/SP5\/wp-content\/uploads\/LOGO.png\" alt=\"\" width=\"180\" height=\"164\" srcset=\"https:\/\/sp5.pila.pl\/SP5\/wp-content\/uploads\/LOGO.png 450w, https:\/\/sp5.pila.pl\/SP5\/wp-content\/uploads\/LOGO-300x274.png 300w\" sizes=\"auto, (max-width: 180px) 100vw, 180px\" \/><\/a>W ramach projektu uda\u0142o nam si\u0119 w ostatni czwartek przeprowadzi\u0107 wywiad z p. Piotrem Tobo\u0142\u0105. Jest to syn naszego bohatera. Pan Piotr jest prezesem du\u017cej pilskiej firmy &#8222;Termotech&#8221;. Zaprosi\u0142 nas na wywiad do siedziby swojej firmy. Od pocz\u0105tku spotkania atmosfera by\u0142a bardzo ciep\u0142a. Sam wywiad uda\u0142o si\u0119 przeprowadzi\u0107 zgodnie z wcze\u015bniejszymi za\u0142o\u017ceniami. Dowiedzieli\u015bmy si\u0119 potrzebnych do projektu informacji dotycz\u0105cych rodziny i \u017cycia zawodowego p. Bogdana Tobo\u0142y. Pan Piotr opisa\u0142 swojego ojca jako bardzo pracowitego cz\u0142owieka, wszechstronnie uzdolnionego i posiadaj\u0105cego wiele pasji. Dowiedzieli\u015bmy si\u0119 te\u017c, jak wiele s\u0142awnych pilskich obiekt\u00f3w istniej\u0105cych do dzi\u015b powsta\u0142o przy udziale naszego bohatera. Poza reporta\u017cem zebrali\u015bmy te\u017c informacje potrzebne do drzewa genealogicznego rodziny, kt\u00f3r\u0105 badamy. W kolejnym kroku rozpoczniemy tworzenie drzewa genealogicznego. Zaczniemy si\u0119 przygotowywa\u0107 do odnalezienia miejsca poch\u00f3wku p. Bogdana i miejsc zwi\u0105zanych z jego osob\u0105 na terenie naszego miasta.<\/p>\n<blockquote>\n<p style=\"text-align: center;\"><a href=\"https:\/\/p.csw2020.com.pl\/api\/resources\/content\/file-458b6f53-1369-47d1-b265-cb4e79586e3b\">&gt; zobacz reporta\u017c &lt;&lt;<\/a><\/p>\n<\/blockquote>\n<p style=\"padding-left: 160px;\"><a href=\"https:\/\/sp5.pila.pl\/SP5\/2020\/02\/22\/wywiad-z-p-piotrem-tobola\/p1000387\/\" rel=\"attachment wp-att-15968\"><img loading=\"lazy\" decoding=\"async\" class=\"wp-image-15968 alignleft\" src=\"https:\/\/sp5.pila.pl\/SP5\/wp-content\/uploads\/P1000387-1024x768.jpg\" alt=\"\" width=\"167\" height=\"125\" srcset=\"https:\/\/sp5.pila.pl\/SP5\/wp-content\/uploads\/P1000387-1024x768.jpg 1024w, https:\/\/sp5.pila.pl\/SP5\/wp-content\/uploads\/P1000387-300x225.jpg 300w, https:\/\/sp5.pila.pl\/SP5\/wp-content\/uploads\/P1000387-768x576.jpg 768w, https:\/\/sp5.pila.pl\/SP5\/wp-content\/uploads\/P1000387-655x491.jpg 655w\" sizes=\"auto, (max-width: 167px) 100vw, 167px\" \/><\/a> <a href=\"https:\/\/sp5.pila.pl\/SP5\/2020\/02\/22\/wywiad-z-p-piotrem-tobola\/p1000389\/\" rel=\"attachment wp-att-15969\"><img loading=\"lazy\" decoding=\"async\" class=\"wp-image-15969 alignleft\" src=\"https:\/\/sp5.pila.pl\/SP5\/wp-content\/uploads\/P1000389-1024x768.jpg\" alt=\"\" width=\"169\" height=\"127\" srcset=\"https:\/\/sp5.pila.pl\/SP5\/wp-content\/uploads\/P1000389-1024x768.jpg 1024w, https:\/\/sp5.pila.pl\/SP5\/wp-content\/uploads\/P1000389-300x225.jpg 300w, https:\/\/sp5.pila.pl\/SP5\/wp-content\/uploads\/P1000389-768x576.jpg 768w, https:\/\/sp5.pila.pl\/SP5\/wp-content\/uploads\/P1000389-655x491.jpg 655w\" sizes=\"auto, (max-width: 169px) 100vw, 169px\" \/><\/a> <a href=\"https:\/\/sp5.pila.pl\/SP5\/2020\/02\/22\/wywiad-z-p-piotrem-tobola\/p1000390\/\" rel=\"attachment wp-att-15970\"><img loading=\"lazy\" decoding=\"async\" class=\"wp-image-15970 alignleft\" src=\"https:\/\/sp5.pila.pl\/SP5\/wp-content\/uploads\/P1000390-1024x768.jpg\" alt=\"\" width=\"167\" height=\"126\" srcset=\"https:\/\/sp5.pila.pl\/SP5\/wp-content\/uploads\/P1000390-1024x768.jpg 1024w, https:\/\/sp5.pila.pl\/SP5\/wp-content\/uploads\/P1000390-300x225.jpg 300w, https:\/\/sp5.pila.pl\/SP5\/wp-content\/uploads\/P1000390-768x576.jpg 768w, https:\/\/sp5.pila.pl\/SP5\/wp-content\/uploads\/P1000390-655x491.jpg 655w\" sizes=\"auto, (max-width: 167px) 100vw, 167px\" \/><\/a><\/p>\n","protected":false},"excerpt":{"rendered":"<p>W ramach projektu uda\u0142o nam si\u0119 w ostatni czwartek przeprowadzi\u0107 wywiad z p. Piotrem Tobo\u0142\u0105. Jest to syn naszego bohatera. [&hellip;]<\/p>\n","protected":false},"author":1,"featured_media":0,"comment_status":"closed","ping_status":"closed","sticky":false,"template":"","format":"standard","meta":{"_editorskit_title_hidden":false,"_editorskit_reading_time":0,"_editorskit_is_block_options_detached":false,"_editorskit_block_options_position":"{}","rop_custom_images_group":[],"rop_custom_messages_group":[],"rop_publish_now":"initial","rop_publish_now_accounts":[],"rop_publish_now_history":[],"rop_publish_now_status":"pending","_uag_custom_page_level_css":"","site-sidebar-layout":"default","site-content-layout":"","ast-site-content-layout":"default","site-content-style":"default","site-sidebar-style":"default","ast-global-header-display":"","ast-banner-title-visibility":"","ast-main-header-display":"","ast-hfb-above-header-display":"","ast-hfb-below-header-display":"","ast-hfb-mobile-header-display":"","site-post-title":"","ast-breadcrumbs-content":"","ast-featured-img":"","footer-sml-layout":"","ast-disable-related-posts":"","theme-transparent-header-meta":"","adv-header-id-meta":"","stick-header-meta":"","header-above-stick-meta":"","header-main-stick-meta":"","header-below-stick-meta":"","astra-migrate-meta-layouts":"default","ast-page-background-enabled":"default","ast-page-background-meta":{"desktop":{"background-color":"var(--ast-global-color-5)","background-image":"","background-repeat":"repeat","background-position":"center center","background-size":"auto","background-attachment":"scroll","background-type":"","background-media":"","overlay-type":"","overlay-color":"","overlay-opacity":"","overlay-gradient":""},"tablet":{"background-color":"","background-image":"","background-repeat":"repeat","background-position":"center center","background-size":"auto","background-attachment":"scroll","background-type":"","background-media":"","overlay-type":"","overlay-color":"","overlay-opacity":"","overlay-gradient":""},"mobile":{"background-color":"","background-image":"","background-repeat":"repeat","background-position":"center center","background-size":"auto","background-attachment":"scroll","background-type":"","background-media":"","overlay-type":"","overlay-color":"","overlay-opacity":"","overlay-gradient":""}},"ast-content-background-meta":{"desktop":{"background-color":"var(--ast-global-color-4)","background-image":"","background-repeat":"repeat","background-position":"center center","background-size":"auto","background-attachment":"scroll","background-type":"","background-media":"","overlay-type":"","overlay-color":"","overlay-opacity":"","overlay-gradient":""},"tablet":{"background-color":"var(--ast-global-color-4)","background-image":"","background-repeat":"repeat","background-position":"center center","background-size":"auto","background-attachment":"scroll","background-type":"","background-media":"","overlay-type":"","overlay-color":"","overlay-opacity":"","overlay-gradient":""},"mobile":{"background-color":"var(--ast-global-color-4)","background-image":"","background-repeat":"repeat","background-position":"center center","background-size":"auto","background-attachment":"scroll","background-type":"","background-media":"","overlay-type":"","overlay-color":"","overlay-opacity":"","overlay-gradient":""}},"ngg_post_thumbnail":0,"footnotes":""},"categories":[1],"tags":[],"class_list":["post-15967","post","type-post","status-publish","format-standard","hentry","category-bez-kategorii"],"uagb_featured_image_src":{"full":false,"thumbnail":false,"medium":false,"medium_large":false,"large":false,"1536x1536":false,"2048x2048":false},"uagb_author_info":{"display_name":"PMT","author_link":"https:\/\/sp5.pila.pl\/SP5\/author\/ludi\/"},"uagb_comment_info":0,"uagb_excerpt":"W ramach projektu uda\u0142o nam si\u0119 w ostatni czwartek przeprowadzi\u0107 wywiad z p. Piotrem Tobo\u0142\u0105. Jest to syn naszego bohatera. [&hellip;]","_links":{"self":[{"href":"https:\/\/sp5.pila.pl\/SP5\/wp-json\/wp\/v2\/posts\/15967","targetHints":{"allow":["GET"]}}],"collection":[{"href":"https:\/\/sp5.pila.pl\/SP5\/wp-json\/wp\/v2\/posts"}],"about":[{"href":"https:\/\/sp5.pila.pl\/SP5\/wp-json\/wp\/v2\/types\/post"}],"author":[{"embeddable":true,"href":"https:\/\/sp5.pila.pl\/SP5\/wp-json\/wp\/v2\/users\/1"}],"replies":[{"embeddable":true,"href":"https:\/\/sp5.pila.pl\/SP5\/wp-json\/wp\/v2\/comments?post=15967"}],"version-history":[{"count":3,"href":"https:\/\/sp5.pila.pl\/SP5\/wp-json\/wp\/v2\/posts\/15967\/revisions"}],"predecessor-version":[{"id":15981,"href":"https:\/\/sp5.pila.pl\/SP5\/wp-json\/wp\/v2\/posts\/15967\/revisions\/15981"}],"wp:attachment":[{"href":"https:\/\/sp5.pila.pl\/SP5\/wp-json\/wp\/v2\/media?parent=15967"}],"wp:term":[{"taxonomy":"category","embeddable":true,"href":"https:\/\/sp5.pila.pl\/SP5\/wp-json\/wp\/v2\/categories?post=15967"},{"taxonomy":"post_tag","embeddable":true,"href":"https:\/\/sp5.pila.pl\/SP5\/wp-json\/wp\/v2\/tags?post=15967"}],"curies":[{"name":"wp","href":"https:\/\/api.w.org\/{rel}","templated":true}]}}