{"id":25336,"date":"2021-10-18T12:51:05","date_gmt":"2021-10-18T10:51:05","guid":{"rendered":"http:\/\/sp5.pila.pl\/SP5\/?p=25336"},"modified":"2021-10-18T12:58:36","modified_gmt":"2021-10-18T10:58:36","slug":"jezus-jest-krolem","status":"publish","type":"post","link":"https:\/\/sp5.pila.pl\/SP5\/2021\/10\/18\/jezus-jest-krolem\/","title":{"rendered":"Jezus jest kr\u00f3lem"},"content":{"rendered":"<p style=\"text-align: justify;\"><img loading=\"lazy\" decoding=\"async\" class=\"wp-image-25341 alignleft\" src=\"https:\/\/sp5.pila.pl\/SP5\/wp-content\/uploads\/R-7-300x230.jpg\" alt=\"\" width=\"180\" height=\"138\" srcset=\"https:\/\/sp5.pila.pl\/SP5\/wp-content\/uploads\/R-7-300x230.jpg 300w, https:\/\/sp5.pila.pl\/SP5\/wp-content\/uploads\/R-7-768x588.jpg 768w, https:\/\/sp5.pila.pl\/SP5\/wp-content\/uploads\/R-7-655x501.jpg 655w, https:\/\/sp5.pila.pl\/SP5\/wp-content\/uploads\/R-7.jpg 1024w\" sizes=\"auto, (max-width: 180px) 100vw, 180px\" \/>Pod takim has\u0142em m\u0142odzi plastycy, uczniowie klas II brali udzia\u0142 w szkolnym konkursie plastcznym.&nbsp; Tematem prac by\u0142o przedstawienie Pana Jezusa jako Kr\u00f3la. <!--more-->Prace konkursowe wykonywano kredkami o\u0142\u00f3wkowymi. W\u015br\u00f3d 30 prac zg\u0142oszonych na konkus wybrano trzy najlepsze. Pierwsze miejsce i medal z\u0142oty zdoby\u0142a Zofia Wegner z klasy IIA, medal srebrny i miejsce II zaj\u0119\u0142a jej kole\u017canka z klasy Lena We\u0142niak a miejsce III i medal br\u0105zowy Alicja Kozar z klasy IIc. Zwyci\u0119zcom gratulujemy i \u017cyczymy dalszych sukces\u00f3w.<\/p>\n<p style=\"text-align: right;\">R. Badzi\u0105g<\/p>\n<p style=\"text-align: center;\"><img loading=\"lazy\" decoding=\"async\" class=\"alignnone size-medium wp-image-25337\" src=\"https:\/\/sp5.pila.pl\/SP5\/wp-content\/uploads\/20211001_130221-225x300.jpg\" alt=\"\" width=\"225\" height=\"300\" srcset=\"https:\/\/sp5.pila.pl\/SP5\/wp-content\/uploads\/20211001_130221-225x300.jpg 225w, https:\/\/sp5.pila.pl\/SP5\/wp-content\/uploads\/20211001_130221-768x1024.jpg 768w, https:\/\/sp5.pila.pl\/SP5\/wp-content\/uploads\/20211001_130221-655x873.jpg 655w, https:\/\/sp5.pila.pl\/SP5\/wp-content\/uploads\/20211001_130221.jpg 1000w\" sizes=\"auto, (max-width: 225px) 100vw, 225px\" \/> <img loading=\"lazy\" decoding=\"async\" class=\"alignnone size-medium wp-image-25338\" src=\"https:\/\/sp5.pila.pl\/SP5\/wp-content\/uploads\/20211004_095908-225x300.jpg\" alt=\"\" width=\"225\" height=\"300\" srcset=\"https:\/\/sp5.pila.pl\/SP5\/wp-content\/uploads\/20211004_095908-225x300.jpg 225w, https:\/\/sp5.pila.pl\/SP5\/wp-content\/uploads\/20211004_095908-768x1024.jpg 768w, https:\/\/sp5.pila.pl\/SP5\/wp-content\/uploads\/20211004_095908-655x873.jpg 655w, https:\/\/sp5.pila.pl\/SP5\/wp-content\/uploads\/20211004_095908.jpg 1000w\" sizes=\"auto, (max-width: 225px) 100vw, 225px\" \/> <img loading=\"lazy\" decoding=\"async\" class=\"alignnone size-medium wp-image-25339\" src=\"https:\/\/sp5.pila.pl\/SP5\/wp-content\/uploads\/20211004_095939-225x300.jpg\" alt=\"\" width=\"225\" height=\"300\" srcset=\"https:\/\/sp5.pila.pl\/SP5\/wp-content\/uploads\/20211004_095939-225x300.jpg 225w, https:\/\/sp5.pila.pl\/SP5\/wp-content\/uploads\/20211004_095939-768x1024.jpg 768w, https:\/\/sp5.pila.pl\/SP5\/wp-content\/uploads\/20211004_095939-655x873.jpg 655w, https:\/\/sp5.pila.pl\/SP5\/wp-content\/uploads\/20211004_095939.jpg 1000w\" sizes=\"auto, (max-width: 225px) 100vw, 225px\" \/><\/p>\n","protected":false},"excerpt":{"rendered":"<p>Pod takim has\u0142em m\u0142odzi plastycy, uczniowie klas II brali udzia\u0142 w szkolnym konkursie plastcznym.&nbsp; Tematem prac by\u0142o przedstawienie Pana Jezusa [&hellip;]<\/p>\n","protected":false},"author":5,"featured_media":0,"comment_status":"closed","ping_status":"closed","sticky":false,"template":"","format":"standard","meta":{"_editorskit_title_hidden":false,"_editorskit_reading_time":0,"_editorskit_is_block_options_detached":false,"_editorskit_block_options_position":"{}","rop_custom_images_group":[],"rop_custom_messages_group":[],"rop_publish_now":"initial","rop_publish_now_accounts":[],"rop_publish_now_history":[],"rop_publish_now_status":"pending","_uag_custom_page_level_css":"","site-sidebar-layout":"default","site-content-layout":"","ast-site-content-layout":"default","site-content-style":"default","site-sidebar-style":"default","ast-global-header-display":"","ast-banner-title-visibility":"","ast-main-header-display":"","ast-hfb-above-header-display":"","ast-hfb-below-header-display":"","ast-hfb-mobile-header-display":"","site-post-title":"","ast-breadcrumbs-content":"","ast-featured-img":"","footer-sml-layout":"","ast-disable-related-posts":"","theme-transparent-header-meta":"","adv-header-id-meta":"","stick-header-meta":"","header-above-stick-meta":"","header-main-stick-meta":"","header-below-stick-meta":"","astra-migrate-meta-layouts":"default","ast-page-background-enabled":"default","ast-page-background-meta":{"desktop":{"background-color":"var(--ast-global-color-5)","background-image":"","background-repeat":"repeat","background-position":"center center","background-size":"auto","background-attachment":"scroll","background-type":"","background-media":"","overlay-type":"","overlay-color":"","overlay-opacity":"","overlay-gradient":""},"tablet":{"background-color":"","background-image":"","background-repeat":"repeat","background-position":"center center","background-size":"auto","background-attachment":"scroll","background-type":"","background-media":"","overlay-type":"","overlay-color":"","overlay-opacity":"","overlay-gradient":""},"mobile":{"background-color":"","background-image":"","background-repeat":"repeat","background-position":"center center","background-size":"auto","background-attachment":"scroll","background-type":"","background-media":"","overlay-type":"","overlay-color":"","overlay-opacity":"","overlay-gradient":""}},"ast-content-background-meta":{"desktop":{"background-color":"var(--ast-global-color-4)","background-image":"","background-repeat":"repeat","background-position":"center center","background-size":"auto","background-attachment":"scroll","background-type":"","background-media":"","overlay-type":"","overlay-color":"","overlay-opacity":"","overlay-gradient":""},"tablet":{"background-color":"var(--ast-global-color-4)","background-image":"","background-repeat":"repeat","background-position":"center center","background-size":"auto","background-attachment":"scroll","background-type":"","background-media":"","overlay-type":"","overlay-color":"","overlay-opacity":"","overlay-gradient":""},"mobile":{"background-color":"var(--ast-global-color-4)","background-image":"","background-repeat":"repeat","background-position":"center center","background-size":"auto","background-attachment":"scroll","background-type":"","background-media":"","overlay-type":"","overlay-color":"","overlay-opacity":"","overlay-gradient":""}},"ngg_post_thumbnail":0,"footnotes":""},"categories":[1],"tags":[],"class_list":["post-25336","post","type-post","status-publish","format-standard","hentry","category-bez-kategorii"],"uagb_featured_image_src":{"full":false,"thumbnail":false,"medium":false,"medium_large":false,"large":false,"1536x1536":false,"2048x2048":false},"uagb_author_info":{"display_name":"Kasia","author_link":"https:\/\/sp5.pila.pl\/SP5\/author\/kasia\/"},"uagb_comment_info":0,"uagb_excerpt":"Pod takim has\u0142em m\u0142odzi plastycy, uczniowie klas II brali udzia\u0142 w szkolnym konkursie plastcznym.&nbsp; Tematem prac by\u0142o przedstawienie Pana Jezusa [&hellip;]","_links":{"self":[{"href":"https:\/\/sp5.pila.pl\/SP5\/wp-json\/wp\/v2\/posts\/25336","targetHints":{"allow":["GET"]}}],"collection":[{"href":"https:\/\/sp5.pila.pl\/SP5\/wp-json\/wp\/v2\/posts"}],"about":[{"href":"https:\/\/sp5.pila.pl\/SP5\/wp-json\/wp\/v2\/types\/post"}],"author":[{"embeddable":true,"href":"https:\/\/sp5.pila.pl\/SP5\/wp-json\/wp\/v2\/users\/5"}],"replies":[{"embeddable":true,"href":"https:\/\/sp5.pila.pl\/SP5\/wp-json\/wp\/v2\/comments?post=25336"}],"version-history":[{"count":2,"href":"https:\/\/sp5.pila.pl\/SP5\/wp-json\/wp\/v2\/posts\/25336\/revisions"}],"predecessor-version":[{"id":25342,"href":"https:\/\/sp5.pila.pl\/SP5\/wp-json\/wp\/v2\/posts\/25336\/revisions\/25342"}],"wp:attachment":[{"href":"https:\/\/sp5.pila.pl\/SP5\/wp-json\/wp\/v2\/media?parent=25336"}],"wp:term":[{"taxonomy":"category","embeddable":true,"href":"https:\/\/sp5.pila.pl\/SP5\/wp-json\/wp\/v2\/categories?post=25336"},{"taxonomy":"post_tag","embeddable":true,"href":"https:\/\/sp5.pila.pl\/SP5\/wp-json\/wp\/v2\/tags?post=25336"}],"curies":[{"name":"wp","href":"https:\/\/api.w.org\/{rel}","templated":true}]}}