{"id":26140,"date":"2021-11-18T12:17:25","date_gmt":"2021-11-18T11:17:25","guid":{"rendered":"http:\/\/sp5.pila.pl\/SP5\/?p=26140"},"modified":"2021-11-22T09:39:14","modified_gmt":"2021-11-22T08:39:14","slug":"nowy-sposob-na-spedzanie-przyjemnie-przerw","status":"publish","type":"post","link":"https:\/\/sp5.pila.pl\/SP5\/2021\/11\/18\/nowy-sposob-na-spedzanie-przyjemnie-przerw\/","title":{"rendered":"Nowy spos\u00f3b na sp\u0119dzanie przyjemnie przerw"},"content":{"rendered":"<p style=\"text-align: justify;\"><img loading=\"lazy\" decoding=\"async\" class=\"wp-image-26141 alignleft\" src=\"https:\/\/sp5.pila.pl\/SP5\/wp-content\/uploads\/IMG-20211116-WA0002-300x225.jpg\" alt=\"\" width=\"176\" height=\"132\" srcset=\"https:\/\/sp5.pila.pl\/SP5\/wp-content\/uploads\/IMG-20211116-WA0002-300x225.jpg 300w, https:\/\/sp5.pila.pl\/SP5\/wp-content\/uploads\/IMG-20211116-WA0002-1024x768.jpg 1024w, https:\/\/sp5.pila.pl\/SP5\/wp-content\/uploads\/IMG-20211116-WA0002-768x576.jpg 768w, https:\/\/sp5.pila.pl\/SP5\/wp-content\/uploads\/IMG-20211116-WA0002-1536x1152.jpg 1536w, https:\/\/sp5.pila.pl\/SP5\/wp-content\/uploads\/IMG-20211116-WA0002-655x491.jpg 655w, https:\/\/sp5.pila.pl\/SP5\/wp-content\/uploads\/IMG-20211116-WA0002.jpg 1600w\" sizes=\"auto, (max-width: 176px) 100vw, 176px\" \/>W naszej szkole w budynku przy Kujawskiej, od 15 listopada realizowany jest ciekawy projekt &#8222;Wychodz\u0105 z cienia podw\u00f3rkowe wspomnienia&#8221;. <!--more-->Projekt jest cz\u0119\u015bci\u0105 Programu profilaktycznego &#8222;Festiwal rekreacji&#8221;, kt\u00f3ry jest realizowany w ramach Gminnego Programu Profilaktyki i Rozwi\u0105zywanie Problem\u00f3w Alkoholowych w Pile. Celem programu jest upowszechnianie aktywno\u015bci fizycznej oraz organizacja imprez o charakterze integracyjno &#8211; edukacyjnym i rekreacyjnym.&nbsp; <strong><a href=\"https:\/\/sp5.pila.pl\/SP5\/galeria-2021-22\/nggallery\/rok-szkolny-2021-22\/2021-11-15-gry-na-korytarzu\">&gt;&gt; zdj\u0119cia &lt;&lt;<\/a><\/strong><\/p>\n<div dir=\"auto\" style=\"padding-left: 520px; text-align: right;\">Koordynator D. Gie\u0142czyk<\/div>\n<div data-smartmail=\"gmail_signature\">&nbsp;<\/div>\n","protected":false},"excerpt":{"rendered":"<p>W naszej szkole w budynku przy Kujawskiej, od 15 listopada realizowany jest ciekawy projekt &#8222;Wychodz\u0105 z cienia podw\u00f3rkowe wspomnienia&#8221;.<\/p>\n","protected":false},"author":1,"featured_media":0,"comment_status":"closed","ping_status":"closed","sticky":false,"template":"","format":"standard","meta":{"_editorskit_title_hidden":false,"_editorskit_reading_time":0,"_editorskit_is_block_options_detached":false,"_editorskit_block_options_position":"{}","rop_custom_images_group":[],"rop_custom_messages_group":[],"rop_publish_now":"initial","rop_publish_now_accounts":[],"rop_publish_now_history":[],"rop_publish_now_status":"pending","_uag_custom_page_level_css":"","site-sidebar-layout":"default","site-content-layout":"","ast-site-content-layout":"default","site-content-style":"default","site-sidebar-style":"default","ast-global-header-display":"","ast-banner-title-visibility":"","ast-main-header-display":"","ast-hfb-above-header-display":"","ast-hfb-below-header-display":"","ast-hfb-mobile-header-display":"","site-post-title":"","ast-breadcrumbs-content":"","ast-featured-img":"","footer-sml-layout":"","ast-disable-related-posts":"","theme-transparent-header-meta":"","adv-header-id-meta":"","stick-header-meta":"","header-above-stick-meta":"","header-main-stick-meta":"","header-below-stick-meta":"","astra-migrate-meta-layouts":"default","ast-page-background-enabled":"default","ast-page-background-meta":{"desktop":{"background-color":"var(--ast-global-color-5)","background-image":"","background-repeat":"repeat","background-position":"center center","background-size":"auto","background-attachment":"scroll","background-type":"","background-media":"","overlay-type":"","overlay-color":"","overlay-opacity":"","overlay-gradient":""},"tablet":{"background-color":"","background-image":"","background-repeat":"repeat","background-position":"center center","background-size":"auto","background-attachment":"scroll","background-type":"","background-media":"","overlay-type":"","overlay-color":"","overlay-opacity":"","overlay-gradient":""},"mobile":{"background-color":"","background-image":"","background-repeat":"repeat","background-position":"center center","background-size":"auto","background-attachment":"scroll","background-type":"","background-media":"","overlay-type":"","overlay-color":"","overlay-opacity":"","overlay-gradient":""}},"ast-content-background-meta":{"desktop":{"background-color":"var(--ast-global-color-4)","background-image":"","background-repeat":"repeat","background-position":"center center","background-size":"auto","background-attachment":"scroll","background-type":"","background-media":"","overlay-type":"","overlay-color":"","overlay-opacity":"","overlay-gradient":""},"tablet":{"background-color":"var(--ast-global-color-4)","background-image":"","background-repeat":"repeat","background-position":"center center","background-size":"auto","background-attachment":"scroll","background-type":"","background-media":"","overlay-type":"","overlay-color":"","overlay-opacity":"","overlay-gradient":""},"mobile":{"background-color":"var(--ast-global-color-4)","background-image":"","background-repeat":"repeat","background-position":"center center","background-size":"auto","background-attachment":"scroll","background-type":"","background-media":"","overlay-type":"","overlay-color":"","overlay-opacity":"","overlay-gradient":""}},"ngg_post_thumbnail":0,"footnotes":""},"categories":[1],"tags":[],"class_list":["post-26140","post","type-post","status-publish","format-standard","hentry","category-bez-kategorii"],"uagb_featured_image_src":{"full":false,"thumbnail":false,"medium":false,"medium_large":false,"large":false,"1536x1536":false,"2048x2048":false},"uagb_author_info":{"display_name":"PMT","author_link":"https:\/\/sp5.pila.pl\/SP5\/author\/ludi\/"},"uagb_comment_info":0,"uagb_excerpt":"W naszej szkole w budynku przy Kujawskiej, od 15 listopada realizowany jest ciekawy projekt &#8222;Wychodz\u0105 z cienia podw\u00f3rkowe wspomnienia&#8221;.","_links":{"self":[{"href":"https:\/\/sp5.pila.pl\/SP5\/wp-json\/wp\/v2\/posts\/26140","targetHints":{"allow":["GET"]}}],"collection":[{"href":"https:\/\/sp5.pila.pl\/SP5\/wp-json\/wp\/v2\/posts"}],"about":[{"href":"https:\/\/sp5.pila.pl\/SP5\/wp-json\/wp\/v2\/types\/post"}],"author":[{"embeddable":true,"href":"https:\/\/sp5.pila.pl\/SP5\/wp-json\/wp\/v2\/users\/1"}],"replies":[{"embeddable":true,"href":"https:\/\/sp5.pila.pl\/SP5\/wp-json\/wp\/v2\/comments?post=26140"}],"version-history":[{"count":4,"href":"https:\/\/sp5.pila.pl\/SP5\/wp-json\/wp\/v2\/posts\/26140\/revisions"}],"predecessor-version":[{"id":26158,"href":"https:\/\/sp5.pila.pl\/SP5\/wp-json\/wp\/v2\/posts\/26140\/revisions\/26158"}],"wp:attachment":[{"href":"https:\/\/sp5.pila.pl\/SP5\/wp-json\/wp\/v2\/media?parent=26140"}],"wp:term":[{"taxonomy":"category","embeddable":true,"href":"https:\/\/sp5.pila.pl\/SP5\/wp-json\/wp\/v2\/categories?post=26140"},{"taxonomy":"post_tag","embeddable":true,"href":"https:\/\/sp5.pila.pl\/SP5\/wp-json\/wp\/v2\/tags?post=26140"}],"curies":[{"name":"wp","href":"https:\/\/api.w.org\/{rel}","templated":true}]}}