{"id":26315,"date":"2021-11-24T10:05:54","date_gmt":"2021-11-24T09:05:54","guid":{"rendered":"http:\/\/sp5.pila.pl\/SP5\/?p=26315"},"modified":"2021-11-24T14:06:22","modified_gmt":"2021-11-24T13:06:22","slug":"konkurs-na-kalendarz-adwentowy-dla-klas-4-8","status":"publish","type":"post","link":"https:\/\/sp5.pila.pl\/SP5\/2021\/11\/24\/konkurs-na-kalendarz-adwentowy-dla-klas-4-8\/","title":{"rendered":"Konkurs na kalendarz adwentowy dla klas 4-8"},"content":{"rendered":"<p style=\"text-align: justify;\"><img loading=\"lazy\" decoding=\"async\" class=\"wp-image-26316 alignleft\" src=\"https:\/\/sp5.pila.pl\/SP5\/wp-content\/uploads\/SDC10076-275x300.jpg\" alt=\"\" width=\"149\" height=\"163\" srcset=\"https:\/\/sp5.pila.pl\/SP5\/wp-content\/uploads\/SDC10076-275x300.jpg 275w, https:\/\/sp5.pila.pl\/SP5\/wp-content\/uploads\/SDC10076-940x1024.jpg 940w, https:\/\/sp5.pila.pl\/SP5\/wp-content\/uploads\/SDC10076-768x837.jpg 768w, https:\/\/sp5.pila.pl\/SP5\/wp-content\/uploads\/SDC10076-655x714.jpg 655w, https:\/\/sp5.pila.pl\/SP5\/wp-content\/uploads\/SDC10076.jpg 1362w\" sizes=\"auto, (max-width: 149px) 100vw, 149px\" \/>Kalendarz adwentowy to tradycja, zgodnie z kt\u00f3r\u0105 dzieci w Niemczech i nie tylko 1 grudnia otrzymuj\u0105 kalendarz z 24 okienkami\/przegr\u00f3dkami, zawieraj\u0105cymi drobne niespodzianki. Okienka s\u0105 ponumerowane i ka\u017cdego dnia dziecko mo\u017ce otworzy\u0107 tylko jedno okienko. Kalendarz ma umili\u0107 dzieciom czas oczekiwania na \u015awi\u0119ta Bo\u017cego Narodzenia.<!--more--><br \/>\nWykonajcie kalendarz adwentowy \u201eAdventskalender\u201d, uwzgl\u0119dniaj\u0105c 24 okienka\/ przegr\u00f3dki\/pojemniczki itp. i ich numeracj\u0119. Czekamy na ciekawe, kreatywne prace!! W swoich pracach wykorzystajcie tradycyjn\u0105 kolorystyk\u0119 \u015bwi\u0105teczn\u0105.<br \/>\nForma wykonania kalendarza jest dowolna (nie online!!!!), ka\u017cdy uczestnik mo\u017ce przygotowa\u0107 tylko jedn\u0105 prac\u0119 (prac\u0119 prosz\u0119 podpisa\u0107 imieniem, nazwiskiem i klas\u0105 autora).<br \/>\nPrace nale\u017cy dostarczy\u0107 do 10 grudnia 2021 r. (pi\u0105tek) do p. \u015awiderskiej lub p. Kusiorskiej.<\/p>\n<p style=\"text-align: right;\">Iwona Kusiorska i Agata \u015awiderska<\/p>\n<p>&nbsp;<\/p>\n","protected":false},"excerpt":{"rendered":"<p>Kalendarz adwentowy to tradycja, zgodnie z kt\u00f3r\u0105 dzieci w Niemczech i nie tylko 1 grudnia otrzymuj\u0105 kalendarz z 24 okienkami\/przegr\u00f3dkami, [&hellip;]<\/p>\n","protected":false},"author":5,"featured_media":0,"comment_status":"closed","ping_status":"closed","sticky":false,"template":"","format":"standard","meta":{"_editorskit_title_hidden":false,"_editorskit_reading_time":0,"_editorskit_is_block_options_detached":false,"_editorskit_block_options_position":"{}","rop_custom_images_group":[],"rop_custom_messages_group":[],"rop_publish_now":"initial","rop_publish_now_accounts":[],"rop_publish_now_history":[],"rop_publish_now_status":"pending","_uag_custom_page_level_css":"","site-sidebar-layout":"default","site-content-layout":"","ast-site-content-layout":"default","site-content-style":"default","site-sidebar-style":"default","ast-global-header-display":"","ast-banner-title-visibility":"","ast-main-header-display":"","ast-hfb-above-header-display":"","ast-hfb-below-header-display":"","ast-hfb-mobile-header-display":"","site-post-title":"","ast-breadcrumbs-content":"","ast-featured-img":"","footer-sml-layout":"","ast-disable-related-posts":"","theme-transparent-header-meta":"","adv-header-id-meta":"","stick-header-meta":"","header-above-stick-meta":"","header-main-stick-meta":"","header-below-stick-meta":"","astra-migrate-meta-layouts":"default","ast-page-background-enabled":"default","ast-page-background-meta":{"desktop":{"background-color":"var(--ast-global-color-5)","background-image":"","background-repeat":"repeat","background-position":"center center","background-size":"auto","background-attachment":"scroll","background-type":"","background-media":"","overlay-type":"","overlay-color":"","overlay-opacity":"","overlay-gradient":""},"tablet":{"background-color":"","background-image":"","background-repeat":"repeat","background-position":"center center","background-size":"auto","background-attachment":"scroll","background-type":"","background-media":"","overlay-type":"","overlay-color":"","overlay-opacity":"","overlay-gradient":""},"mobile":{"background-color":"","background-image":"","background-repeat":"repeat","background-position":"center center","background-size":"auto","background-attachment":"scroll","background-type":"","background-media":"","overlay-type":"","overlay-color":"","overlay-opacity":"","overlay-gradient":""}},"ast-content-background-meta":{"desktop":{"background-color":"var(--ast-global-color-4)","background-image":"","background-repeat":"repeat","background-position":"center center","background-size":"auto","background-attachment":"scroll","background-type":"","background-media":"","overlay-type":"","overlay-color":"","overlay-opacity":"","overlay-gradient":""},"tablet":{"background-color":"var(--ast-global-color-4)","background-image":"","background-repeat":"repeat","background-position":"center center","background-size":"auto","background-attachment":"scroll","background-type":"","background-media":"","overlay-type":"","overlay-color":"","overlay-opacity":"","overlay-gradient":""},"mobile":{"background-color":"var(--ast-global-color-4)","background-image":"","background-repeat":"repeat","background-position":"center center","background-size":"auto","background-attachment":"scroll","background-type":"","background-media":"","overlay-type":"","overlay-color":"","overlay-opacity":"","overlay-gradient":""}},"ngg_post_thumbnail":0,"footnotes":""},"categories":[1],"tags":[],"class_list":["post-26315","post","type-post","status-publish","format-standard","hentry","category-bez-kategorii"],"uagb_featured_image_src":{"full":false,"thumbnail":false,"medium":false,"medium_large":false,"large":false,"1536x1536":false,"2048x2048":false},"uagb_author_info":{"display_name":"Kasia","author_link":"https:\/\/sp5.pila.pl\/SP5\/author\/kasia\/"},"uagb_comment_info":0,"uagb_excerpt":"Kalendarz adwentowy to tradycja, zgodnie z kt\u00f3r\u0105 dzieci w Niemczech i nie tylko 1 grudnia otrzymuj\u0105 kalendarz z 24 okienkami\/przegr\u00f3dkami, [&hellip;]","_links":{"self":[{"href":"https:\/\/sp5.pila.pl\/SP5\/wp-json\/wp\/v2\/posts\/26315","targetHints":{"allow":["GET"]}}],"collection":[{"href":"https:\/\/sp5.pila.pl\/SP5\/wp-json\/wp\/v2\/posts"}],"about":[{"href":"https:\/\/sp5.pila.pl\/SP5\/wp-json\/wp\/v2\/types\/post"}],"author":[{"embeddable":true,"href":"https:\/\/sp5.pila.pl\/SP5\/wp-json\/wp\/v2\/users\/5"}],"replies":[{"embeddable":true,"href":"https:\/\/sp5.pila.pl\/SP5\/wp-json\/wp\/v2\/comments?post=26315"}],"version-history":[{"count":2,"href":"https:\/\/sp5.pila.pl\/SP5\/wp-json\/wp\/v2\/posts\/26315\/revisions"}],"predecessor-version":[{"id":26318,"href":"https:\/\/sp5.pila.pl\/SP5\/wp-json\/wp\/v2\/posts\/26315\/revisions\/26318"}],"wp:attachment":[{"href":"https:\/\/sp5.pila.pl\/SP5\/wp-json\/wp\/v2\/media?parent=26315"}],"wp:term":[{"taxonomy":"category","embeddable":true,"href":"https:\/\/sp5.pila.pl\/SP5\/wp-json\/wp\/v2\/categories?post=26315"},{"taxonomy":"post_tag","embeddable":true,"href":"https:\/\/sp5.pila.pl\/SP5\/wp-json\/wp\/v2\/tags?post=26315"}],"curies":[{"name":"wp","href":"https:\/\/api.w.org\/{rel}","templated":true}]}}