{"id":29060,"date":"2022-06-09T12:36:07","date_gmt":"2022-06-09T10:36:07","guid":{"rendered":"http:\/\/sp5.pila.pl\/SP5\/?p=29060"},"modified":"2022-06-09T13:53:12","modified_gmt":"2022-06-09T11:53:12","slug":"mistrz-pieknego-czytania-klas-iii","status":"publish","type":"post","link":"https:\/\/sp5.pila.pl\/SP5\/2022\/06\/09\/mistrz-pieknego-czytania-klas-iii\/","title":{"rendered":"Mistrz pi\u0119knego czytania klas III"},"content":{"rendered":"<p><img loading=\"lazy\" decoding=\"async\" class=\"wp-image-29061 alignleft\" src=\"https:\/\/sp5.pila.pl\/SP5\/wp-content\/uploads\/dzieci-siedzace-na-stosach-ksiazek-i-czytajace-literature_102902-3078-300x225.webp\" alt=\"\" width=\"195\" height=\"146\" srcset=\"https:\/\/sp5.pila.pl\/SP5\/wp-content\/uploads\/dzieci-siedzace-na-stosach-ksiazek-i-czytajace-literature_102902-3078-300x225.webp 300w, https:\/\/sp5.pila.pl\/SP5\/wp-content\/uploads\/dzieci-siedzace-na-stosach-ksiazek-i-czytajace-literature_102902-3078.webp 626w\" sizes=\"auto, (max-width: 195px) 100vw, 195px\" \/>W \u015brod\u0119 8 czerwca odby\u0142 si\u0119 konkurs pi\u0119knego czytania dla klas III.<!--more--><\/p>\n<p>W tej edycji konkursu wzi\u0119\u0142o udzia\u0142 6 uczestnik\u00f3w, kt\u00f3rzy zdobyli czo\u0142owe lokaty w poprzednich zmaganiach. Uczniowie mieli za zadanie przeczyta\u0107 fragment nieznanego im tekstu. Mogli wylosowa\u0107 proz\u0119 lub poezj\u0119. Z ka\u017cdym tekstem poradzili sobie \u015bwietnie, jednak to ch\u0142opcy wiedli prym w czytaniu, i to oni stan\u0119li na podium.<\/p>\n<p>Pierwsze miejsce wyczyta\u0142 Piotr Stadnik z klasy III c, kolejne, drugie miejsce zaj\u0105\u0142 Oliwier Oleszkowicz z klasy III a, a trzecie Maciej Kupczyk z III c.&nbsp;<\/p>\n<p>Wszystkim uczestnikom gratulujemy!<\/p>\n<p style=\"text-align: center;\"><a href=\"https:\/\/sp5.pila.pl\/SP5\/galeria-2021-22\/nggallery\/rok-szkolny-2021-22\/2022-06-09-konkurs-pieknego-czytania\">&gt;&gt;zobacz zdj\u0119cia&lt;&lt;<\/a><\/p>\n<p style=\"text-align: right;\">K.B.<\/p>\n","protected":false},"excerpt":{"rendered":"<p>W \u015brod\u0119 8 czerwca odby\u0142 si\u0119 konkurs pi\u0119knego czytania dla klas III.<\/p>\n","protected":false},"author":5,"featured_media":0,"comment_status":"closed","ping_status":"closed","sticky":false,"template":"","format":"standard","meta":{"_editorskit_title_hidden":false,"_editorskit_reading_time":0,"_editorskit_is_block_options_detached":false,"_editorskit_block_options_position":"{}","rop_custom_images_group":[],"rop_custom_messages_group":[],"rop_publish_now":"initial","rop_publish_now_accounts":[],"rop_publish_now_history":[],"rop_publish_now_status":"pending","_uag_custom_page_level_css":"","site-sidebar-layout":"default","site-content-layout":"","ast-site-content-layout":"default","site-content-style":"default","site-sidebar-style":"default","ast-global-header-display":"","ast-banner-title-visibility":"","ast-main-header-display":"","ast-hfb-above-header-display":"","ast-hfb-below-header-display":"","ast-hfb-mobile-header-display":"","site-post-title":"","ast-breadcrumbs-content":"","ast-featured-img":"","footer-sml-layout":"","ast-disable-related-posts":"","theme-transparent-header-meta":"","adv-header-id-meta":"","stick-header-meta":"","header-above-stick-meta":"","header-main-stick-meta":"","header-below-stick-meta":"","astra-migrate-meta-layouts":"default","ast-page-background-enabled":"default","ast-page-background-meta":{"desktop":{"background-color":"var(--ast-global-color-5)","background-image":"","background-repeat":"repeat","background-position":"center center","background-size":"auto","background-attachment":"scroll","background-type":"","background-media":"","overlay-type":"","overlay-color":"","overlay-opacity":"","overlay-gradient":""},"tablet":{"background-color":"","background-image":"","background-repeat":"repeat","background-position":"center center","background-size":"auto","background-attachment":"scroll","background-type":"","background-media":"","overlay-type":"","overlay-color":"","overlay-opacity":"","overlay-gradient":""},"mobile":{"background-color":"","background-image":"","background-repeat":"repeat","background-position":"center center","background-size":"auto","background-attachment":"scroll","background-type":"","background-media":"","overlay-type":"","overlay-color":"","overlay-opacity":"","overlay-gradient":""}},"ast-content-background-meta":{"desktop":{"background-color":"var(--ast-global-color-4)","background-image":"","background-repeat":"repeat","background-position":"center center","background-size":"auto","background-attachment":"scroll","background-type":"","background-media":"","overlay-type":"","overlay-color":"","overlay-opacity":"","overlay-gradient":""},"tablet":{"background-color":"var(--ast-global-color-4)","background-image":"","background-repeat":"repeat","background-position":"center center","background-size":"auto","background-attachment":"scroll","background-type":"","background-media":"","overlay-type":"","overlay-color":"","overlay-opacity":"","overlay-gradient":""},"mobile":{"background-color":"var(--ast-global-color-4)","background-image":"","background-repeat":"repeat","background-position":"center center","background-size":"auto","background-attachment":"scroll","background-type":"","background-media":"","overlay-type":"","overlay-color":"","overlay-opacity":"","overlay-gradient":""}},"ngg_post_thumbnail":0,"footnotes":""},"categories":[1],"tags":[],"class_list":["post-29060","post","type-post","status-publish","format-standard","hentry","category-bez-kategorii"],"uagb_featured_image_src":{"full":false,"thumbnail":false,"medium":false,"medium_large":false,"large":false,"1536x1536":false,"2048x2048":false},"uagb_author_info":{"display_name":"Kasia","author_link":"https:\/\/sp5.pila.pl\/SP5\/author\/kasia\/"},"uagb_comment_info":0,"uagb_excerpt":"W \u015brod\u0119 8 czerwca odby\u0142 si\u0119 konkurs pi\u0119knego czytania dla klas III.","_links":{"self":[{"href":"https:\/\/sp5.pila.pl\/SP5\/wp-json\/wp\/v2\/posts\/29060","targetHints":{"allow":["GET"]}}],"collection":[{"href":"https:\/\/sp5.pila.pl\/SP5\/wp-json\/wp\/v2\/posts"}],"about":[{"href":"https:\/\/sp5.pila.pl\/SP5\/wp-json\/wp\/v2\/types\/post"}],"author":[{"embeddable":true,"href":"https:\/\/sp5.pila.pl\/SP5\/wp-json\/wp\/v2\/users\/5"}],"replies":[{"embeddable":true,"href":"https:\/\/sp5.pila.pl\/SP5\/wp-json\/wp\/v2\/comments?post=29060"}],"version-history":[{"count":5,"href":"https:\/\/sp5.pila.pl\/SP5\/wp-json\/wp\/v2\/posts\/29060\/revisions"}],"predecessor-version":[{"id":29083,"href":"https:\/\/sp5.pila.pl\/SP5\/wp-json\/wp\/v2\/posts\/29060\/revisions\/29083"}],"wp:attachment":[{"href":"https:\/\/sp5.pila.pl\/SP5\/wp-json\/wp\/v2\/media?parent=29060"}],"wp:term":[{"taxonomy":"category","embeddable":true,"href":"https:\/\/sp5.pila.pl\/SP5\/wp-json\/wp\/v2\/categories?post=29060"},{"taxonomy":"post_tag","embeddable":true,"href":"https:\/\/sp5.pila.pl\/SP5\/wp-json\/wp\/v2\/tags?post=29060"}],"curies":[{"name":"wp","href":"https:\/\/api.w.org\/{rel}","templated":true}]}}