{"id":29277,"date":"2022-06-14T14:06:10","date_gmt":"2022-06-14T12:06:10","guid":{"rendered":"http:\/\/sp5.pila.pl\/SP5\/?p=29277"},"modified":"2022-06-14T14:12:09","modified_gmt":"2022-06-14T12:12:09","slug":"ciekawscy-z-i-c","status":"publish","type":"post","link":"https:\/\/sp5.pila.pl\/SP5\/2022\/06\/14\/ciekawscy-z-i-c\/","title":{"rendered":"Ciekawscy z I c"},"content":{"rendered":"<p style=\"text-align: justify;\">W roku szkolnym 2021\/22 klasa I c pod kierunkiem pani Moniki B\u0119ben wzi\u0119\u0142a udzia\u0142 w projekcie edukacyjnym pt. \u201eCiekawskie pierwszaki. Jak poznawa\u0107 \u015bwiat w klasie?\u201d zorganizowanym przez Fundacj\u0119 Uniwersytetu Dzieci w Klasie.<!--more--> Projekt trwa\u0142 od wrze\u015bnia 2021 do maja 2022 roku i sk\u0142ada\u0142 si\u0119 z 5 temat\u00f3w. Celem tego projektu by\u0142o przede wszystkim nauczenie dzieci samodzielnego dochodzenia do wiedzy, trenowanie pracy indywidualnej i w zespole, integrowanie zespo\u0142u, rozwijanie kreatywno\u015bci i umiej\u0119tno\u015bci krytycznego my\u015blenia oraz poznawanie \u015bwiata wszystkimi zmys\u0142ami.<\/p>\n<p><strong>\u201eDlaczego ka\u017cdy z nas jest inny?\u201d:<\/strong><\/p>\n<p style=\"text-align: justify;\">&nbsp;&nbsp;&nbsp;&nbsp;&nbsp;&nbsp;&nbsp;&nbsp;&nbsp;&nbsp;&nbsp; Podczas realizowania pierwszego tematu z projektu, uczniowie uczestniczyli w wielu ciekawych zabawach. Obejrzeli film pt. \u201eDlaczego ka\u017cdy z nas jest inny?\u201d i rozmawiali na jego temat. Rozmawiali r\u00f3wnie\u017c na temat swoich talent\u00f3w i pasji oraz prezentowali swoje talenty. Wzi\u0119li tak\u017ce aktywny udzia\u0142 w Dniu Kropki. Dzi\u0119ki tym zaj\u0119ciom uczniowie nauczyli si\u0119 samodzielnie poszukiwa\u0107 swoich mocnych stron i talent\u00f3w, rozwin\u0119li \u015bwiadomo\u015b\u0107 r\u00f3\u017cnorodno\u015bci zainteresowa\u0144 oraz postaw\u0119 tolerancji wobec odmienno\u015bci. Zdobyli r\u00f3wnie\u017c wiedz\u0119 na temat rozwijania swoich talent\u00f3w, pasji i odkrywania siebie. Nauczyli si\u0119 tak\u017ce autoprezentacji i akceptacji samego siebie i innych.<\/p>\n<p><strong>\u201ePo co nam emocje?\u201d:<\/strong><\/p>\n<p style=\"text-align: justify;\">&nbsp;&nbsp;&nbsp;&nbsp;&nbsp;&nbsp;&nbsp;&nbsp;&nbsp;&nbsp;&nbsp; Podczas realizowania drugiego tematu z projektu, uczniowie m. in. uczestniczyli w zabawie integracyjnej pt. \u201eZnajd\u017a emocje\u201d, rozmawiali na temat emocji, ogl\u0105dali film pt. \u201eCo si\u0119 sta\u0142o w Kr\u00f3lestwie Elwiry Emocji?\u201d i rozmawiali na jego temat. Zagrali tak\u017ce w gr\u0119 pt. \u201eRatujemy Kr\u00f3lestwo Elwiry Emocji\u201d, kt\u00f3ra sk\u0142ada\u0142a si\u0119 z 4 zada\u0144 do wykonania i rysowali w parach po&nbsp; 4 emocje i prezentowali je za pomoc\u0105 mimiki twarzy, a nast\u0119pnie odgadywali dan\u0105 emocj\u0119. Dzi\u0119ki tym zaj\u0119ciom uczniowie zdobyli wiedz\u0119 na temat emocji &#8211; nauczyli si\u0119 nazywa\u0107 i rozpoznawa\u0107 rodzaje emocji oraz&nbsp; zdobyli umiej\u0119tno\u015b\u0107 autoprezentacji i pracy w zespole.<\/p>\n<p><strong>\u201eJak odnale\u017a\u0107 si\u0119 na drodze?\u201d:<\/strong><\/p>\n<p style=\"text-align: justify;\">&nbsp;&nbsp;&nbsp;&nbsp;&nbsp;&nbsp;&nbsp;&nbsp;&nbsp;&nbsp;&nbsp; Podczas realizowania trzeciego tematu z projektu uczniowie udali si\u0119 na wycieczk\u0119 do Miasteczka Ruchu Drogowego w Pile, by spotka\u0107 si\u0119 ze stra\u017cnikiem miejskim, kt\u00f3ry zapozna\u0142 dzieci ze znakami drogowymi i z zasadami ruchu drogowego. Uczniowie odbywali r\u00f3wnie\u017c \u0107wiczenia praktyczne \u2013 uczyli si\u0119 porusza\u0107 po chodniku oraz po pasach wed\u0142ug wskazanych kierunk\u00f3w i z przestrzeganiem znak\u00f3w drogowych i sygnalizacji, a tak\u017ce je\u017adzili rowerem i wykonali znaki drogowe z papieru. Dzi\u0119ki tym zaj\u0119ciom uczniowie zdobyli wiedz\u0119 na temat wybranych znak\u00f3w drogowych oraz na temat zasad ruchu drogowego i \u0107wiczyli orientacj\u0119 w przestrzeni i jazd\u0119 na rowerze.<\/p>\n<p><strong>\u201eCo mo\u017ce powsta\u0107 z drewna?\u201d:<\/strong><\/p>\n<p style=\"text-align: justify;\">&nbsp;&nbsp;&nbsp;&nbsp;&nbsp;&nbsp;&nbsp;&nbsp;&nbsp;&nbsp;&nbsp; Podczas realizowania czwartego tematu z projektu uczniowie, m. in.: rozmawiali na temat drewna i jego zastosowania, ogl\u0105dali prezentacj\u0119 na temat znaczenia drewna dawniej i dzi\u015b oraz film na temat powstawania drewna i r\u00f3\u017cnic pomi\u0119dzy drewnem, a drzewem. Uczestniczyli r\u00f3wnie\u017c w eksperymentach na temat w\u0142a\u015bciwo\u015bci drewna (badali jego barw\u0119, ci\u0119\u017car i twardo\u015b\u0107 oraz utrzymywanie si\u0119 na powierzchni wody i przewodzenie ciep\u0142a) i uzupe\u0142niali informacje na kartach pracy. Dopasowywali tak\u017ce obrazki przedstawiaj\u0105ce kolor, ci\u0119\u017car, twardo\u015b\u0107 oraz zastosowanie do odpowiedniego drewna (lipowego, sosnowego i d\u0119bowego), a na podsumowanie lekcji zagrali w domino, kt\u00f3ra utrwali\u0142a poznane wiadomo\u015bci. Dzi\u0119ki tym zaj\u0119ciom uczniowie zdobyli wiedz\u0119 na temat drewna. Poznali jego w\u0142a\u015bciwo\u015bci, znaczenie oraz zastosowanie, a tak\u017ce zdobyli wiedz\u0119 na temat powstawania drewna i na temat r\u00f3\u017cnic pomi\u0119dzy drzewem i drewnem. Zaj\u0119cia te, bardzo si\u0119 dzieciom podoba\u0142y i pomog\u0142y im samodzielnie dochodzi\u0107 do wiedzy i trenowa\u0142y prac\u0119 w grupie.<\/p>\n<p><strong>\u201eJak zaplanowa\u0107 wiosenne porz\u0105dki?\u201d:<\/strong><\/p>\n<p style=\"text-align: justify;\">&nbsp;&nbsp;&nbsp;&nbsp;&nbsp;&nbsp;&nbsp;&nbsp;&nbsp;&nbsp;&nbsp; Podczas realizowania pi\u0105tego tematu z projektu uczniowie, m. in.: wypowiadali si\u0119 na temat wiosennych porz\u0105dk\u00f3w, wys\u0142uchali wiersz pt. \u201eWiosenne porz\u0105dki\u201d oraz rozmawiali na jego temat, porz\u0105dkowali w grupach obrazki wg podanej cechy (pory roku, kolory, kszta\u0142ty i zastosowanie) i przeliczali elementy danego zbioru oraz wzi\u0119li udzia\u0142 w zabawie podsumowuj\u0105cej. Dzi\u0119ki tym zaj\u0119ciom uczniowie zdobyli wiedz\u0119 na temat porz\u0105dkowania r\u00f3\u017cnych przedmiot\u00f3w wed\u0142ug r\u00f3\u017cnych kategorii, poznali poj\u0119cie zbioru oraz trenowali samodzielne dochodzenie do wiedzy i prac\u0119&nbsp; w grupie.<\/p>\n<p style=\"text-align: center;\"><a href=\"https:\/\/sp5.pila.pl\/SP5\/galeria-2021-22\/nggallery\/rok-szkolny-2021-22\/2022-06-14-ciekawscy-z-i-c\">&gt;&gt;zobacz zdj\u0119cia&lt;&lt;<\/a><\/p>\n<p style=\"text-align: right;\">M.B\u0119ben<\/p>\n<p>&nbsp;&nbsp;&nbsp;&nbsp;&nbsp;&nbsp;&nbsp;&nbsp;&nbsp;&nbsp;&nbsp;&nbsp;&nbsp;&nbsp;&nbsp;&nbsp;&nbsp;&nbsp;&nbsp;&nbsp;&nbsp;&nbsp;&nbsp;&nbsp;&nbsp;&nbsp;&nbsp;&nbsp;&nbsp;&nbsp;&nbsp;&nbsp;&nbsp;&nbsp;&nbsp;&nbsp;&nbsp;&nbsp;&nbsp;&nbsp;&nbsp;&nbsp;&nbsp;&nbsp;&nbsp;&nbsp;&nbsp;&nbsp;&nbsp;&nbsp;&nbsp;&nbsp;&nbsp;&nbsp;&nbsp;&nbsp;&nbsp;&nbsp;&nbsp;&nbsp;&nbsp;&nbsp;&nbsp;&nbsp;&nbsp;&nbsp;&nbsp;&nbsp;&nbsp;&nbsp;<\/p>\n<p>&nbsp;<\/p>\n<p>&nbsp;<\/p>\n<p>&nbsp;<\/p>\n<p>&nbsp;<\/p>\n<p>&nbsp;<\/p>\n","protected":false},"excerpt":{"rendered":"<p>W roku szkolnym 2021\/22 klasa I c pod kierunkiem pani Moniki B\u0119ben wzi\u0119\u0142a udzia\u0142 w projekcie edukacyjnym pt. \u201eCiekawskie pierwszaki. [&hellip;]<\/p>\n","protected":false},"author":5,"featured_media":0,"comment_status":"closed","ping_status":"closed","sticky":false,"template":"","format":"standard","meta":{"_editorskit_title_hidden":false,"_editorskit_reading_time":0,"_editorskit_is_block_options_detached":false,"_editorskit_block_options_position":"{}","rop_custom_images_group":[],"rop_custom_messages_group":[],"rop_publish_now":"initial","rop_publish_now_accounts":[],"rop_publish_now_history":[],"rop_publish_now_status":"pending","_uag_custom_page_level_css":"","site-sidebar-layout":"default","site-content-layout":"","ast-site-content-layout":"default","site-content-style":"default","site-sidebar-style":"default","ast-global-header-display":"","ast-banner-title-visibility":"","ast-main-header-display":"","ast-hfb-above-header-display":"","ast-hfb-below-header-display":"","ast-hfb-mobile-header-display":"","site-post-title":"","ast-breadcrumbs-content":"","ast-featured-img":"","footer-sml-layout":"","ast-disable-related-posts":"","theme-transparent-header-meta":"","adv-header-id-meta":"","stick-header-meta":"","header-above-stick-meta":"","header-main-stick-meta":"","header-below-stick-meta":"","astra-migrate-meta-layouts":"default","ast-page-background-enabled":"default","ast-page-background-meta":{"desktop":{"background-color":"var(--ast-global-color-5)","background-image":"","background-repeat":"repeat","background-position":"center center","background-size":"auto","background-attachment":"scroll","background-type":"","background-media":"","overlay-type":"","overlay-color":"","overlay-opacity":"","overlay-gradient":""},"tablet":{"background-color":"","background-image":"","background-repeat":"repeat","background-position":"center center","background-size":"auto","background-attachment":"scroll","background-type":"","background-media":"","overlay-type":"","overlay-color":"","overlay-opacity":"","overlay-gradient":""},"mobile":{"background-color":"","background-image":"","background-repeat":"repeat","background-position":"center center","background-size":"auto","background-attachment":"scroll","background-type":"","background-media":"","overlay-type":"","overlay-color":"","overlay-opacity":"","overlay-gradient":""}},"ast-content-background-meta":{"desktop":{"background-color":"var(--ast-global-color-4)","background-image":"","background-repeat":"repeat","background-position":"center center","background-size":"auto","background-attachment":"scroll","background-type":"","background-media":"","overlay-type":"","overlay-color":"","overlay-opacity":"","overlay-gradient":""},"tablet":{"background-color":"var(--ast-global-color-4)","background-image":"","background-repeat":"repeat","background-position":"center center","background-size":"auto","background-attachment":"scroll","background-type":"","background-media":"","overlay-type":"","overlay-color":"","overlay-opacity":"","overlay-gradient":""},"mobile":{"background-color":"var(--ast-global-color-4)","background-image":"","background-repeat":"repeat","background-position":"center center","background-size":"auto","background-attachment":"scroll","background-type":"","background-media":"","overlay-type":"","overlay-color":"","overlay-opacity":"","overlay-gradient":""}},"ngg_post_thumbnail":0,"footnotes":""},"categories":[1],"tags":[],"class_list":["post-29277","post","type-post","status-publish","format-standard","hentry","category-bez-kategorii"],"uagb_featured_image_src":{"full":false,"thumbnail":false,"medium":false,"medium_large":false,"large":false,"1536x1536":false,"2048x2048":false},"uagb_author_info":{"display_name":"Kasia","author_link":"https:\/\/sp5.pila.pl\/SP5\/author\/kasia\/"},"uagb_comment_info":0,"uagb_excerpt":"W roku szkolnym 2021\/22 klasa I c pod kierunkiem pani Moniki B\u0119ben wzi\u0119\u0142a udzia\u0142 w projekcie edukacyjnym pt. \u201eCiekawskie pierwszaki. [&hellip;]","_links":{"self":[{"href":"https:\/\/sp5.pila.pl\/SP5\/wp-json\/wp\/v2\/posts\/29277","targetHints":{"allow":["GET"]}}],"collection":[{"href":"https:\/\/sp5.pila.pl\/SP5\/wp-json\/wp\/v2\/posts"}],"about":[{"href":"https:\/\/sp5.pila.pl\/SP5\/wp-json\/wp\/v2\/types\/post"}],"author":[{"embeddable":true,"href":"https:\/\/sp5.pila.pl\/SP5\/wp-json\/wp\/v2\/users\/5"}],"replies":[{"embeddable":true,"href":"https:\/\/sp5.pila.pl\/SP5\/wp-json\/wp\/v2\/comments?post=29277"}],"version-history":[{"count":3,"href":"https:\/\/sp5.pila.pl\/SP5\/wp-json\/wp\/v2\/posts\/29277\/revisions"}],"predecessor-version":[{"id":29325,"href":"https:\/\/sp5.pila.pl\/SP5\/wp-json\/wp\/v2\/posts\/29277\/revisions\/29325"}],"wp:attachment":[{"href":"https:\/\/sp5.pila.pl\/SP5\/wp-json\/wp\/v2\/media?parent=29277"}],"wp:term":[{"taxonomy":"category","embeddable":true,"href":"https:\/\/sp5.pila.pl\/SP5\/wp-json\/wp\/v2\/categories?post=29277"},{"taxonomy":"post_tag","embeddable":true,"href":"https:\/\/sp5.pila.pl\/SP5\/wp-json\/wp\/v2\/tags?post=29277"}],"curies":[{"name":"wp","href":"https:\/\/api.w.org\/{rel}","templated":true}]}}