{"id":30101,"date":"2022-09-05T15:30:35","date_gmt":"2022-09-05T13:30:35","guid":{"rendered":"https:\/\/sp5.pila.pl\/SP5\/?p=30101"},"modified":"2022-09-07T11:40:55","modified_gmt":"2022-09-07T09:40:55","slug":"biegacze-z-piatki","status":"publish","type":"post","link":"https:\/\/sp5.pila.pl\/SP5\/2022\/09\/05\/biegacze-z-piatki\/","title":{"rendered":"Biegacze z &#8222;Pi\u0105tki&#8221;"},"content":{"rendered":"<p><img loading=\"lazy\" decoding=\"async\" class=\"wp-image-30102 alignleft\" src=\"https:\/\/sp5.pila.pl\/SP5\/wp-content\/uploads\/R-3-300x268.gif\" alt=\"\" width=\"170\" height=\"152\" srcset=\"https:\/\/sp5.pila.pl\/SP5\/wp-content\/uploads\/R-3-300x268.gif 300w, https:\/\/sp5.pila.pl\/SP5\/wp-content\/uploads\/R-3-655x585.gif 655w\" sizes=\"auto, (max-width: 170px) 100vw, 170px\" \/>Wczoraj 4 wrze\u015bnia ulicami Pi\u0142y wystartowa\u0142 31 Mi\u0119dzynarodowy P\u00f3\u0142maraton Signify.<!--more--><\/p>\n<p>W tym roku opr\u00f3cz biegu g\u0142\u00f3wnego odby\u0142 si\u0119 r\u00f3wnie\u017c <em>Uliczny Bieg Dzieci i M\u0142odzie\u017cy<\/em> w dw\u00f3ch kategoriach wiekowych. Uczniowie klas 4-6 pokonali dystans 800 metr\u00f3w, a&nbsp;ich koledzy z&nbsp;klas 7-8 przebiegli tras\u0119 d\u0142ugo\u015bci 1300 metr\u00f3w.&nbsp;<\/p>\n<p>W\u015br\u00f3d licznej ilo\u015bci uczni\u00f3w &nbsp;pilskich szk\u00f3\u0142 &nbsp;to naszych czterech&nbsp; uczni\u00f3w i jedna uczennica zaj\u0119li wysokie miejsca na podium.<\/p>\n<p>S\u0105 nimi :<\/p>\n<p>w kat. ch\u0142opc\u00f3w rocznik 2010- 2012 na dystansie 800 m<\/p>\n<ul>\n<li>Borys W\u00f3jcik kl 6a \u2013 II m-ce<\/li>\n<li>Mateusz Szwemin kl 6c \u2013 IV m-ce<\/li>\n<li>Kacper Jankun kl 5a &#8211; V m-ce<\/li>\n<\/ul>\n<p>w kat. dziewcz\u0105t &nbsp;rocznik 2008-2009 na dystansie 1300 m<\/p>\n<ul>\n<li>Liliana Szklarek kl 7a zaj\u0119\u0142a V m-ce&nbsp;<\/li>\n<\/ul>\n<p>w kat. ch\u0142opc\u00f3w&nbsp; rocznik 2008-2009 na dystansie 1300 m<\/p>\n<ul>\n<li>Piotr Kurek kl 7b III m-ce.<\/li>\n<\/ul>\n<p>Gratulujemy serdecznie wszystkim naszym biegaczom i \u017cyczymy dalszych sukces\u00f3w!<\/p>\n<p style=\"text-align: center;\"><a href=\"https:\/\/sp5.pila.pl\/SP5\/galeria-2022-23\/nggallery\/rok-szkolny-2022-23\/2022-09-05-biegacze-z-piatki\">&gt;&gt;zobacz zdj\u0119cia&lt;&lt;<\/a><\/p>\n","protected":false},"excerpt":{"rendered":"<p>Wczoraj 4 wrze\u015bnia ulicami Pi\u0142y wystartowa\u0142 31 Mi\u0119dzynarodowy P\u00f3\u0142maraton Signify.<\/p>\n","protected":false},"author":5,"featured_media":0,"comment_status":"closed","ping_status":"closed","sticky":false,"template":"","format":"standard","meta":{"_editorskit_title_hidden":false,"_editorskit_reading_time":0,"_editorskit_is_block_options_detached":false,"_editorskit_block_options_position":"{}","rop_custom_images_group":[],"rop_custom_messages_group":[],"rop_publish_now":"initial","rop_publish_now_accounts":[],"rop_publish_now_history":[],"rop_publish_now_status":"pending","_uag_custom_page_level_css":"","site-sidebar-layout":"default","site-content-layout":"","ast-site-content-layout":"default","site-content-style":"default","site-sidebar-style":"default","ast-global-header-display":"","ast-banner-title-visibility":"","ast-main-header-display":"","ast-hfb-above-header-display":"","ast-hfb-below-header-display":"","ast-hfb-mobile-header-display":"","site-post-title":"","ast-breadcrumbs-content":"","ast-featured-img":"","footer-sml-layout":"","ast-disable-related-posts":"","theme-transparent-header-meta":"","adv-header-id-meta":"","stick-header-meta":"","header-above-stick-meta":"","header-main-stick-meta":"","header-below-stick-meta":"","astra-migrate-meta-layouts":"default","ast-page-background-enabled":"default","ast-page-background-meta":{"desktop":{"background-color":"var(--ast-global-color-5)","background-image":"","background-repeat":"repeat","background-position":"center center","background-size":"auto","background-attachment":"scroll","background-type":"","background-media":"","overlay-type":"","overlay-color":"","overlay-opacity":"","overlay-gradient":""},"tablet":{"background-color":"","background-image":"","background-repeat":"repeat","background-position":"center center","background-size":"auto","background-attachment":"scroll","background-type":"","background-media":"","overlay-type":"","overlay-color":"","overlay-opacity":"","overlay-gradient":""},"mobile":{"background-color":"","background-image":"","background-repeat":"repeat","background-position":"center center","background-size":"auto","background-attachment":"scroll","background-type":"","background-media":"","overlay-type":"","overlay-color":"","overlay-opacity":"","overlay-gradient":""}},"ast-content-background-meta":{"desktop":{"background-color":"var(--ast-global-color-4)","background-image":"","background-repeat":"repeat","background-position":"center center","background-size":"auto","background-attachment":"scroll","background-type":"","background-media":"","overlay-type":"","overlay-color":"","overlay-opacity":"","overlay-gradient":""},"tablet":{"background-color":"var(--ast-global-color-4)","background-image":"","background-repeat":"repeat","background-position":"center center","background-size":"auto","background-attachment":"scroll","background-type":"","background-media":"","overlay-type":"","overlay-color":"","overlay-opacity":"","overlay-gradient":""},"mobile":{"background-color":"var(--ast-global-color-4)","background-image":"","background-repeat":"repeat","background-position":"center center","background-size":"auto","background-attachment":"scroll","background-type":"","background-media":"","overlay-type":"","overlay-color":"","overlay-opacity":"","overlay-gradient":""}},"ngg_post_thumbnail":0,"footnotes":""},"categories":[1],"tags":[],"class_list":["post-30101","post","type-post","status-publish","format-standard","hentry","category-bez-kategorii"],"uagb_featured_image_src":{"full":false,"thumbnail":false,"medium":false,"medium_large":false,"large":false,"1536x1536":false,"2048x2048":false},"uagb_author_info":{"display_name":"Kasia","author_link":"https:\/\/sp5.pila.pl\/SP5\/author\/kasia\/"},"uagb_comment_info":0,"uagb_excerpt":"Wczoraj 4 wrze\u015bnia ulicami Pi\u0142y wystartowa\u0142 31 Mi\u0119dzynarodowy P\u00f3\u0142maraton Signify.","_links":{"self":[{"href":"https:\/\/sp5.pila.pl\/SP5\/wp-json\/wp\/v2\/posts\/30101","targetHints":{"allow":["GET"]}}],"collection":[{"href":"https:\/\/sp5.pila.pl\/SP5\/wp-json\/wp\/v2\/posts"}],"about":[{"href":"https:\/\/sp5.pila.pl\/SP5\/wp-json\/wp\/v2\/types\/post"}],"author":[{"embeddable":true,"href":"https:\/\/sp5.pila.pl\/SP5\/wp-json\/wp\/v2\/users\/5"}],"replies":[{"embeddable":true,"href":"https:\/\/sp5.pila.pl\/SP5\/wp-json\/wp\/v2\/comments?post=30101"}],"version-history":[{"count":4,"href":"https:\/\/sp5.pila.pl\/SP5\/wp-json\/wp\/v2\/posts\/30101\/revisions"}],"predecessor-version":[{"id":30146,"href":"https:\/\/sp5.pila.pl\/SP5\/wp-json\/wp\/v2\/posts\/30101\/revisions\/30146"}],"wp:attachment":[{"href":"https:\/\/sp5.pila.pl\/SP5\/wp-json\/wp\/v2\/media?parent=30101"}],"wp:term":[{"taxonomy":"category","embeddable":true,"href":"https:\/\/sp5.pila.pl\/SP5\/wp-json\/wp\/v2\/categories?post=30101"},{"taxonomy":"post_tag","embeddable":true,"href":"https:\/\/sp5.pila.pl\/SP5\/wp-json\/wp\/v2\/tags?post=30101"}],"curies":[{"name":"wp","href":"https:\/\/api.w.org\/{rel}","templated":true}]}}