{"id":35192,"date":"2023-06-19T16:40:28","date_gmt":"2023-06-19T14:40:28","guid":{"rendered":"https:\/\/sp5.pila.pl\/SP5\/?p=35192"},"modified":"2023-06-21T20:42:49","modified_gmt":"2023-06-21T18:42:49","slug":"zebranie-z-rodzicami-przyszlorocznych-pierwszakow","status":"publish","type":"post","link":"https:\/\/sp5.pila.pl\/SP5\/2023\/06\/19\/zebranie-z-rodzicami-przyszlorocznych-pierwszakow\/","title":{"rendered":"Zebranie z rodzicami przysz\u0142orocznych pierwszak\u00f3w"},"content":{"rendered":"<p style=\"text-align: justify;\"><img loading=\"lazy\" decoding=\"async\" class=\"size-full wp-image-35193 alignleft\" src=\"https:\/\/sp5.pila.pl\/SP5\/wp-content\/uploads\/pobrane-33.jpg\" alt=\"\" width=\"276\" height=\"183\">Serdecznie zapraszamy wszystkich Rodzic\u00f3w przysz\u0142orocznych uczni\u00f3w <strong>klas pierwszych<\/strong> na zebranie informacyjne, kt\u00f3re odb\u0119dzie si\u0119 21 czerwca 2023 r. w budynku przy al. Niepodleg\u0142o\u015bci 18, o godzinie 17.00 w sali gimnastycznej&nbsp; \u2013 wej\u015bcie przez boisko od placu zabaw. Podczas spotkania, kt\u00f3re potrwa oko\u0142o 1 godziny planujemy przekaza\u0107 Pa\u0144stwu informacje:<\/p>\n<p><!--more--><\/p>\n<ol>\n<li style=\"text-align: justify;\">Wicedyrektor &#8211; El\u017cbieta Puchalska: oferta szko\u0142y, podr\u0119czniki, organizacja zaj\u0119\u0107, opieka, bezpiecze\u0144stwo, wy\u017cywienie;<\/li>\n<li style=\"text-align: justify;\">Logopeda A. Sagan-Moszy\u0144ska \u2013 prelekcja o przyczynach wad wymowy, znaczeniu prawid\u0142owej wymowy w procesie czytania i pisania, potrzebie terapii oraz o diagnozie logopedycznej w pierwszym tygodniu wrze\u015bnia;<\/li>\n<li style=\"text-align: justify;\">Psycholog E. Nowakowska \u2013 o rozwoju dziecka 7 letniego w uj\u0119ciu psychologicznym pod wzgl\u0119dem emocji i relacji r\u00f3wie\u015bniczych;<\/li>\n<li style=\"text-align: justify;\">Pedagog B. Grzybowska &#8211; Nowak \u2013 dojrza\u0142o\u015b\u0107 dziecka oraz znaczenie organizacji \u015brodowiska domowego.<\/li>\n<\/ol>\n","protected":false},"excerpt":{"rendered":"<p>Serdecznie zapraszamy wszystkich Rodzic\u00f3w przysz\u0142orocznych uczni\u00f3w klas pierwszych na zebranie informacyjne, kt\u00f3re odb\u0119dzie si\u0119 21 czerwca 2023 r. w budynku [&hellip;]<\/p>\n","protected":false},"author":5,"featured_media":0,"comment_status":"closed","ping_status":"closed","sticky":false,"template":"","format":"standard","meta":{"_editorskit_title_hidden":false,"_editorskit_reading_time":0,"_editorskit_is_block_options_detached":false,"_editorskit_block_options_position":"{}","rop_custom_images_group":[],"rop_custom_messages_group":[],"rop_publish_now":"initial","rop_publish_now_accounts":[],"rop_publish_now_history":[],"rop_publish_now_status":"pending","_uag_custom_page_level_css":"","site-sidebar-layout":"default","site-content-layout":"","ast-site-content-layout":"default","site-content-style":"default","site-sidebar-style":"default","ast-global-header-display":"","ast-banner-title-visibility":"","ast-main-header-display":"","ast-hfb-above-header-display":"","ast-hfb-below-header-display":"","ast-hfb-mobile-header-display":"","site-post-title":"","ast-breadcrumbs-content":"","ast-featured-img":"","footer-sml-layout":"","ast-disable-related-posts":"","theme-transparent-header-meta":"","adv-header-id-meta":"","stick-header-meta":"","header-above-stick-meta":"","header-main-stick-meta":"","header-below-stick-meta":"","astra-migrate-meta-layouts":"default","ast-page-background-enabled":"default","ast-page-background-meta":{"desktop":{"background-color":"var(--ast-global-color-5)","background-image":"","background-repeat":"repeat","background-position":"center center","background-size":"auto","background-attachment":"scroll","background-type":"","background-media":"","overlay-type":"","overlay-color":"","overlay-opacity":"","overlay-gradient":""},"tablet":{"background-color":"","background-image":"","background-repeat":"repeat","background-position":"center center","background-size":"auto","background-attachment":"scroll","background-type":"","background-media":"","overlay-type":"","overlay-color":"","overlay-opacity":"","overlay-gradient":""},"mobile":{"background-color":"","background-image":"","background-repeat":"repeat","background-position":"center center","background-size":"auto","background-attachment":"scroll","background-type":"","background-media":"","overlay-type":"","overlay-color":"","overlay-opacity":"","overlay-gradient":""}},"ast-content-background-meta":{"desktop":{"background-color":"var(--ast-global-color-4)","background-image":"","background-repeat":"repeat","background-position":"center center","background-size":"auto","background-attachment":"scroll","background-type":"","background-media":"","overlay-type":"","overlay-color":"","overlay-opacity":"","overlay-gradient":""},"tablet":{"background-color":"var(--ast-global-color-4)","background-image":"","background-repeat":"repeat","background-position":"center center","background-size":"auto","background-attachment":"scroll","background-type":"","background-media":"","overlay-type":"","overlay-color":"","overlay-opacity":"","overlay-gradient":""},"mobile":{"background-color":"var(--ast-global-color-4)","background-image":"","background-repeat":"repeat","background-position":"center center","background-size":"auto","background-attachment":"scroll","background-type":"","background-media":"","overlay-type":"","overlay-color":"","overlay-opacity":"","overlay-gradient":""}},"ngg_post_thumbnail":0,"footnotes":""},"categories":[1],"tags":[],"class_list":["post-35192","post","type-post","status-publish","format-standard","hentry","category-bez-kategorii"],"uagb_featured_image_src":{"full":false,"thumbnail":false,"medium":false,"medium_large":false,"large":false,"1536x1536":false,"2048x2048":false},"uagb_author_info":{"display_name":"Kasia","author_link":"https:\/\/sp5.pila.pl\/SP5\/author\/kasia\/"},"uagb_comment_info":0,"uagb_excerpt":"Serdecznie zapraszamy wszystkich Rodzic\u00f3w przysz\u0142orocznych uczni\u00f3w klas pierwszych na zebranie informacyjne, kt\u00f3re odb\u0119dzie si\u0119 21 czerwca 2023 r. w budynku [&hellip;]","_links":{"self":[{"href":"https:\/\/sp5.pila.pl\/SP5\/wp-json\/wp\/v2\/posts\/35192","targetHints":{"allow":["GET"]}}],"collection":[{"href":"https:\/\/sp5.pila.pl\/SP5\/wp-json\/wp\/v2\/posts"}],"about":[{"href":"https:\/\/sp5.pila.pl\/SP5\/wp-json\/wp\/v2\/types\/post"}],"author":[{"embeddable":true,"href":"https:\/\/sp5.pila.pl\/SP5\/wp-json\/wp\/v2\/users\/5"}],"replies":[{"embeddable":true,"href":"https:\/\/sp5.pila.pl\/SP5\/wp-json\/wp\/v2\/comments?post=35192"}],"version-history":[{"count":3,"href":"https:\/\/sp5.pila.pl\/SP5\/wp-json\/wp\/v2\/posts\/35192\/revisions"}],"predecessor-version":[{"id":35843,"href":"https:\/\/sp5.pila.pl\/SP5\/wp-json\/wp\/v2\/posts\/35192\/revisions\/35843"}],"wp:attachment":[{"href":"https:\/\/sp5.pila.pl\/SP5\/wp-json\/wp\/v2\/media?parent=35192"}],"wp:term":[{"taxonomy":"category","embeddable":true,"href":"https:\/\/sp5.pila.pl\/SP5\/wp-json\/wp\/v2\/categories?post=35192"},{"taxonomy":"post_tag","embeddable":true,"href":"https:\/\/sp5.pila.pl\/SP5\/wp-json\/wp\/v2\/tags?post=35192"}],"curies":[{"name":"wp","href":"https:\/\/api.w.org\/{rel}","templated":true}]}}