{"id":35854,"date":"2023-06-23T12:29:19","date_gmt":"2023-06-23T10:29:19","guid":{"rendered":"https:\/\/sp5.pila.pl\/SP5\/?p=35854"},"modified":"2023-06-26T16:48:50","modified_gmt":"2023-06-26T14:48:50","slug":"zegnaj-szkolo-witajcie-wakacje","status":"publish","type":"post","link":"https:\/\/sp5.pila.pl\/SP5\/2023\/06\/23\/zegnaj-szkolo-witajcie-wakacje\/","title":{"rendered":"\u017begnaj szko\u0142o, witajcie wakacje"},"content":{"rendered":"<p style=\"text-align: justify;\"><img loading=\"lazy\" decoding=\"async\" class=\"wp-image-35855 alignleft\" src=\"https:\/\/sp5.pila.pl\/SP5\/wp-content\/uploads\/depositphotos_58621627-stock-illustration-little-girl-relaxing-in-hammock-300x250.jpg\" alt=\"\" width=\"226\" height=\"188\" srcset=\"https:\/\/sp5.pila.pl\/SP5\/wp-content\/uploads\/depositphotos_58621627-stock-illustration-little-girl-relaxing-in-hammock-300x250.jpg 300w, https:\/\/sp5.pila.pl\/SP5\/wp-content\/uploads\/depositphotos_58621627-stock-illustration-little-girl-relaxing-in-hammock-768x640.jpg 768w, https:\/\/sp5.pila.pl\/SP5\/wp-content\/uploads\/depositphotos_58621627-stock-illustration-little-girl-relaxing-in-hammock-655x546.jpg 655w, https:\/\/sp5.pila.pl\/SP5\/wp-content\/uploads\/depositphotos_58621627-stock-illustration-little-girl-relaxing-in-hammock.jpg 1024w\" sizes=\"auto, (max-width: 226px) 100vw, 226px\" \/>23 czerwca zabrzmia\u0142 w \u201epi\u0105tce\u201d ostatni, przedwakacyjny dzwonek. Najpierw&nbsp; ze szko\u0142\u0105 \u017cegnali si\u0119 najm\u0142odsi uczniowie czyli klasy I i II.&nbsp; Troch\u0119 p\u00f3\u017aniej opu\u015bcili mury szko\u0142y trzecioklasi\u015bci, kt\u00f3rzy po wakacjach rozpoczn\u0105 nauk\u0119 w&nbsp; budynku przy ul. Kujawskiej. Ostatni \u017cegnali si\u0119 ze szko\u0142\u0105 uczniowie klas IV &#8211; VIII. Na apelach Pani dyrektor podzi\u0119kowa\u0142a wszystkim za&nbsp;&nbsp;pracowity rok szkolny, gratulowa\u0142a uczniom, rodzicom oraz nauczycielom i oczywi\u015bcie \u017cyczy\u0142a udanych i bezpiecznych wakacji. By\u0142y to wyj\u0105tkowe chwile, dla naszych nowych absolwent\u00f3w, bo podlane spor\u0105 ilo\u015bci\u0105 \u0142ez. Przecie\u017c po wakacjach nie wr\u00f3c\u0105 do starej, dobrze znanej \u201ePi\u0105tki\u201d, lecz rozpoczn\u0105 nauk\u0119 w nowych szko\u0142ach. Powodzenia<!--more--><\/p>\n<blockquote>\n<p style=\"text-align: center;\"><a href=\"https:\/\/sp5.pila.pl\/SP5\/galeria-2022-23\/nggallery\/rok-szkolny-2022-23\/2023-06-23-zegnaj-szkolo-witajcie-wakacje\">&gt;&gt;zobacz zdj\u0119cia klasy I-III&lt;&lt;<\/a><\/p>\n<p style=\"text-align: center;\"><a href=\"https:\/\/sp5.pila.pl\/SP5\/galeria-2022-23\/nggallery\/rok-szkolny-2022-23\/2023-06-23-zakonczenie-roku-szkolnego-klas-4-7\">&gt;&gt; zobacz zdj\u0119cia klas IV-VII &lt;&lt;<\/a><\/p>\n<\/blockquote>\n<p style=\"text-align: center;\"><a href=\"https:\/\/sp5.pila.pl\/SP5\/galeria-2022-23\/nggallery\/rok-szkolny-2022-23\/2023-06-23-zakonczenie-roku-szkolnego-klas-8\">&gt;&gt; zdj\u0119cia klas VIII &lt;&lt;<\/a><\/p>\n","protected":false},"excerpt":{"rendered":"<p>23 czerwca zabrzmia\u0142 w \u201epi\u0105tce\u201d ostatni, przedwakacyjny dzwonek. Najpierw&nbsp; ze szko\u0142\u0105 \u017cegnali si\u0119 najm\u0142odsi uczniowie czyli klasy I i II.&nbsp; [&hellip;]<\/p>\n","protected":false},"author":5,"featured_media":0,"comment_status":"closed","ping_status":"closed","sticky":false,"template":"","format":"standard","meta":{"_editorskit_title_hidden":false,"_editorskit_reading_time":0,"_editorskit_is_block_options_detached":false,"_editorskit_block_options_position":"{}","rop_custom_images_group":[],"rop_custom_messages_group":[],"rop_publish_now":"initial","rop_publish_now_accounts":[],"rop_publish_now_history":[],"rop_publish_now_status":"pending","_uag_custom_page_level_css":"","site-sidebar-layout":"default","site-content-layout":"","ast-site-content-layout":"default","site-content-style":"default","site-sidebar-style":"default","ast-global-header-display":"","ast-banner-title-visibility":"","ast-main-header-display":"","ast-hfb-above-header-display":"","ast-hfb-below-header-display":"","ast-hfb-mobile-header-display":"","site-post-title":"","ast-breadcrumbs-content":"","ast-featured-img":"","footer-sml-layout":"","ast-disable-related-posts":"","theme-transparent-header-meta":"","adv-header-id-meta":"","stick-header-meta":"","header-above-stick-meta":"","header-main-stick-meta":"","header-below-stick-meta":"","astra-migrate-meta-layouts":"default","ast-page-background-enabled":"default","ast-page-background-meta":{"desktop":{"background-color":"var(--ast-global-color-5)","background-image":"","background-repeat":"repeat","background-position":"center center","background-size":"auto","background-attachment":"scroll","background-type":"","background-media":"","overlay-type":"","overlay-color":"","overlay-opacity":"","overlay-gradient":""},"tablet":{"background-color":"","background-image":"","background-repeat":"repeat","background-position":"center center","background-size":"auto","background-attachment":"scroll","background-type":"","background-media":"","overlay-type":"","overlay-color":"","overlay-opacity":"","overlay-gradient":""},"mobile":{"background-color":"","background-image":"","background-repeat":"repeat","background-position":"center center","background-size":"auto","background-attachment":"scroll","background-type":"","background-media":"","overlay-type":"","overlay-color":"","overlay-opacity":"","overlay-gradient":""}},"ast-content-background-meta":{"desktop":{"background-color":"var(--ast-global-color-4)","background-image":"","background-repeat":"repeat","background-position":"center center","background-size":"auto","background-attachment":"scroll","background-type":"","background-media":"","overlay-type":"","overlay-color":"","overlay-opacity":"","overlay-gradient":""},"tablet":{"background-color":"var(--ast-global-color-4)","background-image":"","background-repeat":"repeat","background-position":"center center","background-size":"auto","background-attachment":"scroll","background-type":"","background-media":"","overlay-type":"","overlay-color":"","overlay-opacity":"","overlay-gradient":""},"mobile":{"background-color":"var(--ast-global-color-4)","background-image":"","background-repeat":"repeat","background-position":"center center","background-size":"auto","background-attachment":"scroll","background-type":"","background-media":"","overlay-type":"","overlay-color":"","overlay-opacity":"","overlay-gradient":""}},"ngg_post_thumbnail":0,"footnotes":""},"categories":[1],"tags":[],"class_list":["post-35854","post","type-post","status-publish","format-standard","hentry","category-bez-kategorii"],"uagb_featured_image_src":{"full":false,"thumbnail":false,"medium":false,"medium_large":false,"large":false,"1536x1536":false,"2048x2048":false},"uagb_author_info":{"display_name":"Kasia","author_link":"https:\/\/sp5.pila.pl\/SP5\/author\/kasia\/"},"uagb_comment_info":0,"uagb_excerpt":"23 czerwca zabrzmia\u0142 w \u201epi\u0105tce\u201d ostatni, przedwakacyjny dzwonek. Najpierw&nbsp; ze szko\u0142\u0105 \u017cegnali si\u0119 najm\u0142odsi uczniowie czyli klasy I i II.&nbsp; [&hellip;]","_links":{"self":[{"href":"https:\/\/sp5.pila.pl\/SP5\/wp-json\/wp\/v2\/posts\/35854","targetHints":{"allow":["GET"]}}],"collection":[{"href":"https:\/\/sp5.pila.pl\/SP5\/wp-json\/wp\/v2\/posts"}],"about":[{"href":"https:\/\/sp5.pila.pl\/SP5\/wp-json\/wp\/v2\/types\/post"}],"author":[{"embeddable":true,"href":"https:\/\/sp5.pila.pl\/SP5\/wp-json\/wp\/v2\/users\/5"}],"replies":[{"embeddable":true,"href":"https:\/\/sp5.pila.pl\/SP5\/wp-json\/wp\/v2\/comments?post=35854"}],"version-history":[{"count":8,"href":"https:\/\/sp5.pila.pl\/SP5\/wp-json\/wp\/v2\/posts\/35854\/revisions"}],"predecessor-version":[{"id":36184,"href":"https:\/\/sp5.pila.pl\/SP5\/wp-json\/wp\/v2\/posts\/35854\/revisions\/36184"}],"wp:attachment":[{"href":"https:\/\/sp5.pila.pl\/SP5\/wp-json\/wp\/v2\/media?parent=35854"}],"wp:term":[{"taxonomy":"category","embeddable":true,"href":"https:\/\/sp5.pila.pl\/SP5\/wp-json\/wp\/v2\/categories?post=35854"},{"taxonomy":"post_tag","embeddable":true,"href":"https:\/\/sp5.pila.pl\/SP5\/wp-json\/wp\/v2\/tags?post=35854"}],"curies":[{"name":"wp","href":"https:\/\/api.w.org\/{rel}","templated":true}]}}