{"id":36362,"date":"2023-06-22T10:12:50","date_gmt":"2023-06-22T08:12:50","guid":{"rendered":"https:\/\/sp5.pila.pl\/SP5\/?p=36362"},"modified":"2023-06-27T10:38:24","modified_gmt":"2023-06-27T08:38:24","slug":"dziecko-w-swiecie-wartosci","status":"publish","type":"post","link":"https:\/\/sp5.pila.pl\/SP5\/2023\/06\/22\/dziecko-w-swiecie-wartosci\/","title":{"rendered":"Dziecko w \u015bwiecie warto\u015bci"},"content":{"rendered":"<p>W roku szkolnym 2022\/2023 w Oddziale III by\u0142 realizowany autorski&nbsp;program. \u201eDziecko w \u015bwiecie warto\u015bci\u201d.<!--more--><\/p>\n<p>Program zosta\u0142 napisany w oparciu o&nbsp; \u201eProgram wychowania przedszkolnego\u201d wydawnictwa MAC, autorstwa Wies\u0142awy \u017baby-\u017babi\u0144skiej, Wioletty Majewskiej i Renaty Pa\u017adzio, podstaw\u0119 programow\u0105 wychowania przedszkolnego, zbi\u00f3r opowiada\u0144 \u201e12 wa\u017cnych opowie\u015bci \u2013 polscy autorzy o warto\u015bciach\u201d. Program skierowany by\u0142 do dzieci 5-6 letnich. Zawiera\u0142 9 temat\u00f3w i 9 scenariuszy zaj\u0119\u0107, propozycji zabaw dla dzieci. Mia\u0142 on na celu wspomaganie pracy dydaktyczno-wychowawczej.<br \/>\nW programie zaprezentowano nast\u0119puj\u0105ce scenariusze oraz propozycje zabaw i zaj\u0119\u0107:<\/p>\n<p>&#8211; \u201eDzie\u0144 pe\u0142en u\u015bmiechu.\u201d (wzmacnianie w\u0142asnego ja, szcz\u0119\u015bcie)<\/p>\n<p>&#8211;&nbsp; Zabawy tw\u00f3rcze na podstawie bajki pt. \u201eJarz\u0119binka\u201d. (dobro, z\u0142o)<\/p>\n<p>&#8211; \u201eW grudniowe \u015bwi\u0119ta.\u201d (przynale\u017cno\u015b\u0107 i szacunek do rodziny)<\/p>\n<p>&#8211; \u201eMa\u0142y z\u0142o\u015bnik\u201d. (z\u0142o\u015b\u0107)<\/p>\n<p>&#8211; \u201eDostrzegam pi\u0119kno w sztuce malarskiej\u201d. (szacunek do sztuki malarskiej)<\/p>\n<p>&#8211; \u201ePrzyja\u017a\u0144 jest wa\u017cna\u201d. (przyja\u017a\u0144)<\/p>\n<p>&#8211; \u201eMoc pi\u0119knych s\u0142\u00f3w\u201d. (magiczne s\u0142owa)&nbsp;<\/p>\n<p>&#8211; \u201ePrzygoda o\u0142\u00f3wka\u201d (wsp\u00f3\u0142praca)<\/p>\n<p>&#8211; \u201e\u0141\u0105ka i jej lokatorzy.\u201d (wychowanie dla poszanowania ro\u015blin i zwierz\u0105t)<\/p>\n<p><u>G\u0142\u00f3wne cele programu, kt\u00f3re zosta\u0142y zrealizowane to:<\/u><\/p>\n<ul>\n<li>Budowanie systemu warto\u015bci,<\/li>\n<li>Wskazywanie dzieciom tego co dobre i z\u0142e,<\/li>\n<li>Kszta\u0142towanie odporno\u015bci emocjonalnej,<\/li>\n<li>Rozpoznawanie i nazywanie uczu\u0107, emocji,<\/li>\n<li>Radzenie sobie w nowych i trudnych sytuacjach,<\/li>\n<li>Radzenie sobie ze stresem i pora\u017ckami,<\/li>\n<li>Podejmowanie pr\u00f3b kontrolowania swojego zachowania,<\/li>\n<li>Nabywanie nawyk\u00f3w poprawnego stosowania zwrot\u00f3w grzeczno\u015bciowych,<\/li>\n<li>Przestrzeganie um\u00f3w i zasad,<\/li>\n<li>Kszta\u0142towanie poprawnych relacji z dzie\u0107mi i doros\u0142ymi,<\/li>\n<li>Stwarzanie warunk\u00f3w sprzyjaj\u0105cych wsp\u00f3lnej zgodnej zabawie,<\/li>\n<li>Kszta\u0142towanie poczucia przynale\u017cno\u015bci do grupy, rodziny,<\/li>\n<li>Pomoc dziecku w budowaniu pozytywnego obrazu w\u0142asnego \u201eJa\u201d,<\/li>\n<li>U\u015bwiadomienie z\u0142o\u017cono\u015bci otaczaj\u0105cego \u015bwiata i czyhaj\u0105cych zagro\u017ce\u0144.<\/li>\n<\/ul>\n<p style=\"text-align: center;\">&nbsp;<\/p>\n<p style=\"text-align: right;\">Ewelina Lipiecka&nbsp;<\/p>\n","protected":false},"excerpt":{"rendered":"<p>W roku szkolnym 2022\/2023 w Oddziale III by\u0142 realizowany autorski&nbsp;program. \u201eDziecko w \u015bwiecie warto\u015bci\u201d.<\/p>\n","protected":false},"author":5,"featured_media":0,"comment_status":"closed","ping_status":"closed","sticky":false,"template":"","format":"standard","meta":{"_editorskit_title_hidden":false,"_editorskit_reading_time":0,"_editorskit_is_block_options_detached":false,"_editorskit_block_options_position":"{}","rop_custom_images_group":[],"rop_custom_messages_group":[],"rop_publish_now":"initial","rop_publish_now_accounts":[],"rop_publish_now_history":[],"rop_publish_now_status":"pending","_uag_custom_page_level_css":"","site-sidebar-layout":"default","site-content-layout":"","ast-site-content-layout":"default","site-content-style":"default","site-sidebar-style":"default","ast-global-header-display":"","ast-banner-title-visibility":"","ast-main-header-display":"","ast-hfb-above-header-display":"","ast-hfb-below-header-display":"","ast-hfb-mobile-header-display":"","site-post-title":"","ast-breadcrumbs-content":"","ast-featured-img":"","footer-sml-layout":"","ast-disable-related-posts":"","theme-transparent-header-meta":"","adv-header-id-meta":"","stick-header-meta":"","header-above-stick-meta":"","header-main-stick-meta":"","header-below-stick-meta":"","astra-migrate-meta-layouts":"default","ast-page-background-enabled":"default","ast-page-background-meta":{"desktop":{"background-color":"var(--ast-global-color-5)","background-image":"","background-repeat":"repeat","background-position":"center center","background-size":"auto","background-attachment":"scroll","background-type":"","background-media":"","overlay-type":"","overlay-color":"","overlay-opacity":"","overlay-gradient":""},"tablet":{"background-color":"","background-image":"","background-repeat":"repeat","background-position":"center center","background-size":"auto","background-attachment":"scroll","background-type":"","background-media":"","overlay-type":"","overlay-color":"","overlay-opacity":"","overlay-gradient":""},"mobile":{"background-color":"","background-image":"","background-repeat":"repeat","background-position":"center center","background-size":"auto","background-attachment":"scroll","background-type":"","background-media":"","overlay-type":"","overlay-color":"","overlay-opacity":"","overlay-gradient":""}},"ast-content-background-meta":{"desktop":{"background-color":"var(--ast-global-color-4)","background-image":"","background-repeat":"repeat","background-position":"center center","background-size":"auto","background-attachment":"scroll","background-type":"","background-media":"","overlay-type":"","overlay-color":"","overlay-opacity":"","overlay-gradient":""},"tablet":{"background-color":"var(--ast-global-color-4)","background-image":"","background-repeat":"repeat","background-position":"center center","background-size":"auto","background-attachment":"scroll","background-type":"","background-media":"","overlay-type":"","overlay-color":"","overlay-opacity":"","overlay-gradient":""},"mobile":{"background-color":"var(--ast-global-color-4)","background-image":"","background-repeat":"repeat","background-position":"center center","background-size":"auto","background-attachment":"scroll","background-type":"","background-media":"","overlay-type":"","overlay-color":"","overlay-opacity":"","overlay-gradient":""}},"ngg_post_thumbnail":0,"footnotes":""},"categories":[1],"tags":[],"class_list":["post-36362","post","type-post","status-publish","format-standard","hentry","category-bez-kategorii"],"uagb_featured_image_src":{"full":false,"thumbnail":false,"medium":false,"medium_large":false,"large":false,"1536x1536":false,"2048x2048":false},"uagb_author_info":{"display_name":"Kasia","author_link":"https:\/\/sp5.pila.pl\/SP5\/author\/kasia\/"},"uagb_comment_info":0,"uagb_excerpt":"W roku szkolnym 2022\/2023 w Oddziale III by\u0142 realizowany autorski&nbsp;program. \u201eDziecko w \u015bwiecie warto\u015bci\u201d.","_links":{"self":[{"href":"https:\/\/sp5.pila.pl\/SP5\/wp-json\/wp\/v2\/posts\/36362","targetHints":{"allow":["GET"]}}],"collection":[{"href":"https:\/\/sp5.pila.pl\/SP5\/wp-json\/wp\/v2\/posts"}],"about":[{"href":"https:\/\/sp5.pila.pl\/SP5\/wp-json\/wp\/v2\/types\/post"}],"author":[{"embeddable":true,"href":"https:\/\/sp5.pila.pl\/SP5\/wp-json\/wp\/v2\/users\/5"}],"replies":[{"embeddable":true,"href":"https:\/\/sp5.pila.pl\/SP5\/wp-json\/wp\/v2\/comments?post=36362"}],"version-history":[{"count":5,"href":"https:\/\/sp5.pila.pl\/SP5\/wp-json\/wp\/v2\/posts\/36362\/revisions"}],"predecessor-version":[{"id":36383,"href":"https:\/\/sp5.pila.pl\/SP5\/wp-json\/wp\/v2\/posts\/36362\/revisions\/36383"}],"wp:attachment":[{"href":"https:\/\/sp5.pila.pl\/SP5\/wp-json\/wp\/v2\/media?parent=36362"}],"wp:term":[{"taxonomy":"category","embeddable":true,"href":"https:\/\/sp5.pila.pl\/SP5\/wp-json\/wp\/v2\/categories?post=36362"},{"taxonomy":"post_tag","embeddable":true,"href":"https:\/\/sp5.pila.pl\/SP5\/wp-json\/wp\/v2\/tags?post=36362"}],"curies":[{"name":"wp","href":"https:\/\/api.w.org\/{rel}","templated":true}]}}