{"id":36384,"date":"2023-06-22T10:39:43","date_gmt":"2023-06-22T08:39:43","guid":{"rendered":"https:\/\/sp5.pila.pl\/SP5\/?p=36384"},"modified":"2023-06-27T10:54:11","modified_gmt":"2023-06-27T08:54:11","slug":"savoire-vivre-przedszkolaka","status":"publish","type":"post","link":"https:\/\/sp5.pila.pl\/SP5\/2023\/06\/22\/savoire-vivre-przedszkolaka\/","title":{"rendered":"Savoire vivre przedszkolaka"},"content":{"rendered":"<p style=\"text-align: justify;\">W roku 2022\/23 w najm\u0142odszej grupie przedszkolnej by\u0142 realizowany projekt&nbsp; \u201eSavoir vivre przedszkolaka\u201d.<!--more--><\/p>\n<p style=\"text-align: justify;\">G\u0142\u00f3wnym celem projektu by\u0142o kszta\u0142towanie u dzieci umiej\u0119tno\u015bci w\u0142a\u015bciwego zachowania si\u0119 w grupie dzieci\u0119cej i szerszej spo\u0142eczno\u015bci oraz podniesienie ich kultury osobistej. W grupie I skupiono si\u0119 na zrozumieniu zwrot\u00f3w grzeczno\u015bciowych&nbsp; i wpojeniu dzieciom nawyku stosowania takich poj\u0119\u0107 jak: dzi\u0119kuj\u0119, prosz\u0119, przepraszam, dzie\u0144 dobry, do widzenia. Codzienna praca z dzie\u0107mi nastawiona by\u0142a m.in. na utrwalanie dobrych manier przy stole &#8211; w\u0142a\u015bciwe siedzenie przy stole, zwracanie uwagi na u\u017cywanie widelca zamiast jedzenia palcami. Ponadto dzieci uczy\u0142y si\u0119 nakrywania do sto\u0142u (talerzyki, szklanki, sztu\u0107ce, chusteczki), zapraszania go\u015bci na przyj\u0119cie, prowadzenia dialog\u00f3w przy stole, sprz\u0105tania po przyj\u0119ciu. Maluchy dowiedzia\u0142y si\u0119 tak\u017ce, jak nale\u017cy si\u0119 stosownie ubiera\u0107 na przyj\u0119cie oraz do danych sytuacji i udaj\u0105c si\u0119 do r\u00f3\u017cnych odwiedzanych miejsc. Przeprowadzono zaj\u0119cia maj\u0105ce na celu u\u015bwiadomienie dzieciom w\u0142a\u015bciwe zachowanie si\u0119 w miejscach kultury takich jak muzeum czy teatr. Skupiano si\u0119 na dbaniu o higien\u0119 osobist\u0105 oraz zwr\u00f3cono szczeg\u00f3ln\u0105 uwag\u0119 na kszta\u0142towanie umiej\u0119tno\u015bci kulturalnego komunikowania si\u0119 i okazywania szacunku innym osobom. Dzi\u0119ki wsp\u00f3lnemu \u015bwi\u0119towaniu urodzin, dzieci mia\u0142y&nbsp; okazj\u0119 nauczy\u0107 si\u0119 sk\u0142adania mi\u0142ych \u017cycze\u0144.<\/p>\n<p style=\"text-align: center;\"><a href=\"https:\/\/sp5.pila.pl\/SP5\/galeria-2022-23\/nggallery\/rok-szkolny-2022-23\/2023-06-22-savoire-vivre-przedszkolaka\">&gt;&gt;zobacz zdjecia&lt;&lt;<\/a><\/p>\n<p style=\"text-align: right;\">Wioletta Lewandowska<\/p>\n","protected":false},"excerpt":{"rendered":"<p>W roku 2022\/23 w najm\u0142odszej grupie przedszkolnej by\u0142 realizowany projekt&nbsp; \u201eSavoir vivre przedszkolaka\u201d.<\/p>\n","protected":false},"author":5,"featured_media":0,"comment_status":"closed","ping_status":"closed","sticky":false,"template":"","format":"standard","meta":{"_editorskit_title_hidden":false,"_editorskit_reading_time":0,"_editorskit_is_block_options_detached":false,"_editorskit_block_options_position":"{}","rop_custom_images_group":[],"rop_custom_messages_group":[],"rop_publish_now":"initial","rop_publish_now_accounts":[],"rop_publish_now_history":[],"rop_publish_now_status":"pending","_uag_custom_page_level_css":"","site-sidebar-layout":"default","site-content-layout":"","ast-site-content-layout":"default","site-content-style":"default","site-sidebar-style":"default","ast-global-header-display":"","ast-banner-title-visibility":"","ast-main-header-display":"","ast-hfb-above-header-display":"","ast-hfb-below-header-display":"","ast-hfb-mobile-header-display":"","site-post-title":"","ast-breadcrumbs-content":"","ast-featured-img":"","footer-sml-layout":"","ast-disable-related-posts":"","theme-transparent-header-meta":"","adv-header-id-meta":"","stick-header-meta":"","header-above-stick-meta":"","header-main-stick-meta":"","header-below-stick-meta":"","astra-migrate-meta-layouts":"default","ast-page-background-enabled":"default","ast-page-background-meta":{"desktop":{"background-color":"var(--ast-global-color-5)","background-image":"","background-repeat":"repeat","background-position":"center center","background-size":"auto","background-attachment":"scroll","background-type":"","background-media":"","overlay-type":"","overlay-color":"","overlay-opacity":"","overlay-gradient":""},"tablet":{"background-color":"","background-image":"","background-repeat":"repeat","background-position":"center center","background-size":"auto","background-attachment":"scroll","background-type":"","background-media":"","overlay-type":"","overlay-color":"","overlay-opacity":"","overlay-gradient":""},"mobile":{"background-color":"","background-image":"","background-repeat":"repeat","background-position":"center center","background-size":"auto","background-attachment":"scroll","background-type":"","background-media":"","overlay-type":"","overlay-color":"","overlay-opacity":"","overlay-gradient":""}},"ast-content-background-meta":{"desktop":{"background-color":"var(--ast-global-color-4)","background-image":"","background-repeat":"repeat","background-position":"center center","background-size":"auto","background-attachment":"scroll","background-type":"","background-media":"","overlay-type":"","overlay-color":"","overlay-opacity":"","overlay-gradient":""},"tablet":{"background-color":"var(--ast-global-color-4)","background-image":"","background-repeat":"repeat","background-position":"center center","background-size":"auto","background-attachment":"scroll","background-type":"","background-media":"","overlay-type":"","overlay-color":"","overlay-opacity":"","overlay-gradient":""},"mobile":{"background-color":"var(--ast-global-color-4)","background-image":"","background-repeat":"repeat","background-position":"center center","background-size":"auto","background-attachment":"scroll","background-type":"","background-media":"","overlay-type":"","overlay-color":"","overlay-opacity":"","overlay-gradient":""}},"ngg_post_thumbnail":0,"footnotes":""},"categories":[1],"tags":[],"class_list":["post-36384","post","type-post","status-publish","format-standard","hentry","category-bez-kategorii"],"uagb_featured_image_src":{"full":false,"thumbnail":false,"medium":false,"medium_large":false,"large":false,"1536x1536":false,"2048x2048":false},"uagb_author_info":{"display_name":"Kasia","author_link":"https:\/\/sp5.pila.pl\/SP5\/author\/kasia\/"},"uagb_comment_info":0,"uagb_excerpt":"W roku 2022\/23 w najm\u0142odszej grupie przedszkolnej by\u0142 realizowany projekt&nbsp; \u201eSavoir vivre przedszkolaka\u201d.","_links":{"self":[{"href":"https:\/\/sp5.pila.pl\/SP5\/wp-json\/wp\/v2\/posts\/36384","targetHints":{"allow":["GET"]}}],"collection":[{"href":"https:\/\/sp5.pila.pl\/SP5\/wp-json\/wp\/v2\/posts"}],"about":[{"href":"https:\/\/sp5.pila.pl\/SP5\/wp-json\/wp\/v2\/types\/post"}],"author":[{"embeddable":true,"href":"https:\/\/sp5.pila.pl\/SP5\/wp-json\/wp\/v2\/users\/5"}],"replies":[{"embeddable":true,"href":"https:\/\/sp5.pila.pl\/SP5\/wp-json\/wp\/v2\/comments?post=36384"}],"version-history":[{"count":4,"href":"https:\/\/sp5.pila.pl\/SP5\/wp-json\/wp\/v2\/posts\/36384\/revisions"}],"predecessor-version":[{"id":36396,"href":"https:\/\/sp5.pila.pl\/SP5\/wp-json\/wp\/v2\/posts\/36384\/revisions\/36396"}],"wp:attachment":[{"href":"https:\/\/sp5.pila.pl\/SP5\/wp-json\/wp\/v2\/media?parent=36384"}],"wp:term":[{"taxonomy":"category","embeddable":true,"href":"https:\/\/sp5.pila.pl\/SP5\/wp-json\/wp\/v2\/categories?post=36384"},{"taxonomy":"post_tag","embeddable":true,"href":"https:\/\/sp5.pila.pl\/SP5\/wp-json\/wp\/v2\/tags?post=36384"}],"curies":[{"name":"wp","href":"https:\/\/api.w.org\/{rel}","templated":true}]}}