{"id":36733,"date":"2023-06-21T21:34:43","date_gmt":"2023-06-21T19:34:43","guid":{"rendered":"https:\/\/sp5.pila.pl\/SP5\/?p=36733"},"modified":"2023-06-30T22:02:55","modified_gmt":"2023-06-30T20:02:55","slug":"36733","status":"publish","type":"post","link":"https:\/\/sp5.pila.pl\/SP5\/2023\/06\/21\/36733\/","title":{"rendered":"Realizacja projekt\u00f3w edukacyjno-logopedycznych"},"content":{"rendered":"<p style=\"font-weight: 400; text-align: justify;\">W czerwcu zako\u0144czy\u0142y si\u0119 dwa roczne projekty. Jeden edukacyjno-logopedyczny&nbsp; wdech- wydech &#8222;4 pory roku&#8221; i innowacyjny projekt &#8222;Kartka z kalendarza&#8221;. <!--more-->Uczniowie na zaj\u0119ciach logopedycznych z klas 1-3 mieli mo\u017cliwo\u015b\u0107 sprawdzenia si\u0119 w takich \u0107wiczeniach jak: chuchanie, dmuchanie, w\u0105chanie, gwizdanie, oddychanie, wdychanie, parskanie, zdmuchiwanie, ziewanie, kaszlenie, chrapanie, nadmuchiwanie itp. w 4 cyklach odpowiadaj\u0105cych innym warunkom przypisanym do 4 p\u00f3r roku z r\u00f3\u017cnymi materia\u0142ami i pomocami. Uczniowie zgodnie stwierdzili, \u017ce najlepiej zadania i \u0107wiczenia wykonywa\u0142o si\u0119 w I i III cyklu czyli jesieni\u0105 i wiosn\u0105. Celem projektu by\u0142o:<\/p>\n<ul>\n<li style=\"font-weight: 400; text-align: justify;\">usprawnianie aparatu mowy oraz&nbsp;&nbsp;wyeliminowanie nieprawid\u0142owego oddychania<\/li>\n<li style=\"font-weight: 400; text-align: justify;\">pobudzanie rozwoju mowy<\/li>\n<li style=\"font-weight: 400; text-align: justify;\">doskonalenie umiej\u0119tno\u015bci spo\u0142ecznych i wsp\u00f3\u0142pracy w grupie&nbsp;<\/li>\n<li style=\"font-weight: 400; text-align: justify;\">zaspokojenie naturalnych potrzeb dziecka<\/li>\n<li style=\"font-weight: 400; text-align: justify;\">dzia\u0142ania ekspresji i samorealizacji.<\/li>\n<\/ul>\n<p style=\"font-weight: 400; text-align: justify;\">Drugi projekt by\u0142 przeprowadzany wed\u0142ug przypadaj\u0105cego w kalendarzu dnia \u015bwi\u0105t nietypowych, a mianowicie zaj\u0119cia by\u0142y&nbsp; przygotowane&nbsp; na przyk\u0142ad pod dzie\u0144 kropki,&nbsp; dzie\u0144 dziecka,&nbsp; dzie\u0144 babci i dziadka,&nbsp; dzie\u0144 kundelka, dzie\u0144 kota, dinozaura, zwierz\u0105t, jesieni, wiosny, jab\u0142ka, miko\u0142ajek, walentynek, \u015awi\u0119to Niepodleg\u0142o\u015bci, Konstytucji 3 maja, dnia dyni i wielu innych. Celem projektu by\u0142o urozmaicenie zaj\u0119\u0107, zach\u0119canie do wykonywania \u0107wicze\u0144 i r\u00f3\u017cnych zada\u0144 oraz integracja grupy, rozwijanie zainteresowa\u0144 dzieci, motywowanie w celu osi\u0105gniecia zamierzonych cel\u00f3w.&nbsp;&nbsp;<\/p>\n<p style=\"text-align: center;\"><a href=\"https:\/\/sp5.pila.pl\/SP5\/galeria-2022-23\/nggallery\/rok-szkolny-2022-23\/2023-06-21-realizacja-projektow-edukacyjno-logopedycznych\">&gt;&gt;zobacz zdj\u0119cia&lt;&lt;<\/a><\/p>\n<p style=\"text-align: right;\">Agnieszka Sagan-Moszy\u0144ska<\/p>\n","protected":false},"excerpt":{"rendered":"<p>W czerwcu zako\u0144czy\u0142y si\u0119 dwa roczne projekty. Jeden edukacyjno-logopedyczny&nbsp; wdech- wydech &#8222;4 pory roku&#8221; i innowacyjny projekt &#8222;Kartka z kalendarza&#8221;.<\/p>\n","protected":false},"author":5,"featured_media":0,"comment_status":"closed","ping_status":"closed","sticky":false,"template":"","format":"standard","meta":{"_editorskit_title_hidden":false,"_editorskit_reading_time":0,"_editorskit_is_block_options_detached":false,"_editorskit_block_options_position":"{}","rop_custom_images_group":[],"rop_custom_messages_group":[],"rop_publish_now":"initial","rop_publish_now_accounts":[],"rop_publish_now_history":[],"rop_publish_now_status":"pending","_uag_custom_page_level_css":"","site-sidebar-layout":"default","site-content-layout":"","ast-site-content-layout":"default","site-content-style":"default","site-sidebar-style":"default","ast-global-header-display":"","ast-banner-title-visibility":"","ast-main-header-display":"","ast-hfb-above-header-display":"","ast-hfb-below-header-display":"","ast-hfb-mobile-header-display":"","site-post-title":"","ast-breadcrumbs-content":"","ast-featured-img":"","footer-sml-layout":"","ast-disable-related-posts":"","theme-transparent-header-meta":"","adv-header-id-meta":"","stick-header-meta":"","header-above-stick-meta":"","header-main-stick-meta":"","header-below-stick-meta":"","astra-migrate-meta-layouts":"default","ast-page-background-enabled":"default","ast-page-background-meta":{"desktop":{"background-color":"var(--ast-global-color-5)","background-image":"","background-repeat":"repeat","background-position":"center center","background-size":"auto","background-attachment":"scroll","background-type":"","background-media":"","overlay-type":"","overlay-color":"","overlay-opacity":"","overlay-gradient":""},"tablet":{"background-color":"","background-image":"","background-repeat":"repeat","background-position":"center center","background-size":"auto","background-attachment":"scroll","background-type":"","background-media":"","overlay-type":"","overlay-color":"","overlay-opacity":"","overlay-gradient":""},"mobile":{"background-color":"","background-image":"","background-repeat":"repeat","background-position":"center center","background-size":"auto","background-attachment":"scroll","background-type":"","background-media":"","overlay-type":"","overlay-color":"","overlay-opacity":"","overlay-gradient":""}},"ast-content-background-meta":{"desktop":{"background-color":"var(--ast-global-color-4)","background-image":"","background-repeat":"repeat","background-position":"center center","background-size":"auto","background-attachment":"scroll","background-type":"","background-media":"","overlay-type":"","overlay-color":"","overlay-opacity":"","overlay-gradient":""},"tablet":{"background-color":"var(--ast-global-color-4)","background-image":"","background-repeat":"repeat","background-position":"center center","background-size":"auto","background-attachment":"scroll","background-type":"","background-media":"","overlay-type":"","overlay-color":"","overlay-opacity":"","overlay-gradient":""},"mobile":{"background-color":"var(--ast-global-color-4)","background-image":"","background-repeat":"repeat","background-position":"center center","background-size":"auto","background-attachment":"scroll","background-type":"","background-media":"","overlay-type":"","overlay-color":"","overlay-opacity":"","overlay-gradient":""}},"ngg_post_thumbnail":0,"footnotes":""},"categories":[1],"tags":[],"class_list":["post-36733","post","type-post","status-publish","format-standard","hentry","category-bez-kategorii"],"uagb_featured_image_src":{"full":false,"thumbnail":false,"medium":false,"medium_large":false,"large":false,"1536x1536":false,"2048x2048":false},"uagb_author_info":{"display_name":"Kasia","author_link":"https:\/\/sp5.pila.pl\/SP5\/author\/kasia\/"},"uagb_comment_info":0,"uagb_excerpt":"W czerwcu zako\u0144czy\u0142y si\u0119 dwa roczne projekty. Jeden edukacyjno-logopedyczny&nbsp; wdech- wydech &#8222;4 pory roku&#8221; i innowacyjny projekt &#8222;Kartka z kalendarza&#8221;.","_links":{"self":[{"href":"https:\/\/sp5.pila.pl\/SP5\/wp-json\/wp\/v2\/posts\/36733","targetHints":{"allow":["GET"]}}],"collection":[{"href":"https:\/\/sp5.pila.pl\/SP5\/wp-json\/wp\/v2\/posts"}],"about":[{"href":"https:\/\/sp5.pila.pl\/SP5\/wp-json\/wp\/v2\/types\/post"}],"author":[{"embeddable":true,"href":"https:\/\/sp5.pila.pl\/SP5\/wp-json\/wp\/v2\/users\/5"}],"replies":[{"embeddable":true,"href":"https:\/\/sp5.pila.pl\/SP5\/wp-json\/wp\/v2\/comments?post=36733"}],"version-history":[{"count":5,"href":"https:\/\/sp5.pila.pl\/SP5\/wp-json\/wp\/v2\/posts\/36733\/revisions"}],"predecessor-version":[{"id":36764,"href":"https:\/\/sp5.pila.pl\/SP5\/wp-json\/wp\/v2\/posts\/36733\/revisions\/36764"}],"wp:attachment":[{"href":"https:\/\/sp5.pila.pl\/SP5\/wp-json\/wp\/v2\/media?parent=36733"}],"wp:term":[{"taxonomy":"category","embeddable":true,"href":"https:\/\/sp5.pila.pl\/SP5\/wp-json\/wp\/v2\/categories?post=36733"},{"taxonomy":"post_tag","embeddable":true,"href":"https:\/\/sp5.pila.pl\/SP5\/wp-json\/wp\/v2\/tags?post=36733"}],"curies":[{"name":"wp","href":"https:\/\/api.w.org\/{rel}","templated":true}]}}