{"id":38692,"date":"2023-11-07T11:45:25","date_gmt":"2023-11-07T10:45:25","guid":{"rendered":"https:\/\/sp5.pila.pl\/SP5\/?p=38692"},"modified":"2023-11-07T11:49:57","modified_gmt":"2023-11-07T10:49:57","slug":"czacha-dymi","status":"publish","type":"post","link":"https:\/\/sp5.pila.pl\/SP5\/2023\/11\/07\/czacha-dymi\/","title":{"rendered":"Czacha dymi"},"content":{"rendered":"<p><img loading=\"lazy\" decoding=\"async\" class=\"wp-image-37684 alignleft\" src=\"https:\/\/sp5.pila.pl\/SP5\/wp-content\/uploads\/brain-on-fire-300x300.jpg\" alt=\"\" width=\"168\" height=\"168\" srcset=\"https:\/\/sp5.pila.pl\/SP5\/wp-content\/uploads\/brain-on-fire-300x300.jpg 300w, https:\/\/sp5.pila.pl\/SP5\/wp-content\/uploads\/brain-on-fire-150x150.jpg 150w, https:\/\/sp5.pila.pl\/SP5\/wp-content\/uploads\/brain-on-fire.jpg 612w\" sizes=\"auto, (max-width: 168px) 100vw, 168px\" \/><\/p>\n<p style=\"text-align: justify;\">W ramach Innowacji pedagogicznej &#8222;Czacha dymi &#8211; rajd na emocjach&#8221; w pa\u017adzierniku zosta\u0142y przeprowadzone lekcje wychowawcze w klasach 4b, 6c, 8a i 8b o temacie &#8222;Kiedy nadchodzi smutek&#8221;. <!--more-->Uczniowie mieli za zadanie okre\u015bli\u0107, gdzie w ciele najcz\u0119\u015bciej odczuwaj\u0105 smutek oraz wypisa\u0107 sposoby radzenia sobie ze smutkiem, a nast\u0119pnie wybra\u0107 jeden uniwersalny spos\u00f3b, kt\u00f3ry podzia\u0142a na ka\u017cdego.<br \/>\nWed\u0142ug uczni\u00f3w tych klas smutek najcz\u0119\u015bciej odczuwany jest w g\u0142owie oraz w okolicach brzucha, natomiast uniwersalnym sposobem na smutek wed\u0142ug klas 4b, 6c i 8b jest s\u0142uchanie muzyki. Klasa 8a jednog\u0142o\u015bnie uzna\u0142a, \u017ce dla nich najlepszym sposobem na smutek jest spanie. Dzi\u0119kuj\u0119 serdecznie wszystkim za aktywny udzia\u0142 w zaj\u0119ciach.<\/p>\n<p style=\"text-align: center;\"><a href=\"https:\/\/sp5.pila.pl\/SP5\/galeria-2023-24\/nggallery\/rok-szkolny-2023-2024\/2023-11-07-czacha-dymi\">&gt;&gt;zobacz zdj\u0119cia&lt;&lt;<\/a><\/p>\n<p style=\"text-align: right;\">A. Horbatowicz<\/p>\n<p>&nbsp;<\/p>\n","protected":false},"excerpt":{"rendered":"<p>W ramach Innowacji pedagogicznej &#8222;Czacha dymi &#8211; rajd na emocjach&#8221; w pa\u017adzierniku zosta\u0142y przeprowadzone lekcje wychowawcze w klasach 4b, 6c, [&hellip;]<\/p>\n","protected":false},"author":5,"featured_media":0,"comment_status":"closed","ping_status":"closed","sticky":false,"template":"","format":"standard","meta":{"_editorskit_title_hidden":false,"_editorskit_reading_time":0,"_editorskit_is_block_options_detached":false,"_editorskit_block_options_position":"{}","rop_custom_images_group":[],"rop_custom_messages_group":[],"rop_publish_now":"initial","rop_publish_now_accounts":[],"rop_publish_now_history":[],"rop_publish_now_status":"pending","_uag_custom_page_level_css":"","site-sidebar-layout":"default","site-content-layout":"","ast-site-content-layout":"default","site-content-style":"default","site-sidebar-style":"default","ast-global-header-display":"","ast-banner-title-visibility":"","ast-main-header-display":"","ast-hfb-above-header-display":"","ast-hfb-below-header-display":"","ast-hfb-mobile-header-display":"","site-post-title":"","ast-breadcrumbs-content":"","ast-featured-img":"","footer-sml-layout":"","ast-disable-related-posts":"","theme-transparent-header-meta":"","adv-header-id-meta":"","stick-header-meta":"","header-above-stick-meta":"","header-main-stick-meta":"","header-below-stick-meta":"","astra-migrate-meta-layouts":"default","ast-page-background-enabled":"default","ast-page-background-meta":{"desktop":{"background-color":"var(--ast-global-color-5)","background-image":"","background-repeat":"repeat","background-position":"center center","background-size":"auto","background-attachment":"scroll","background-type":"","background-media":"","overlay-type":"","overlay-color":"","overlay-opacity":"","overlay-gradient":""},"tablet":{"background-color":"","background-image":"","background-repeat":"repeat","background-position":"center center","background-size":"auto","background-attachment":"scroll","background-type":"","background-media":"","overlay-type":"","overlay-color":"","overlay-opacity":"","overlay-gradient":""},"mobile":{"background-color":"","background-image":"","background-repeat":"repeat","background-position":"center center","background-size":"auto","background-attachment":"scroll","background-type":"","background-media":"","overlay-type":"","overlay-color":"","overlay-opacity":"","overlay-gradient":""}},"ast-content-background-meta":{"desktop":{"background-color":"var(--ast-global-color-4)","background-image":"","background-repeat":"repeat","background-position":"center center","background-size":"auto","background-attachment":"scroll","background-type":"","background-media":"","overlay-type":"","overlay-color":"","overlay-opacity":"","overlay-gradient":""},"tablet":{"background-color":"var(--ast-global-color-4)","background-image":"","background-repeat":"repeat","background-position":"center center","background-size":"auto","background-attachment":"scroll","background-type":"","background-media":"","overlay-type":"","overlay-color":"","overlay-opacity":"","overlay-gradient":""},"mobile":{"background-color":"var(--ast-global-color-4)","background-image":"","background-repeat":"repeat","background-position":"center center","background-size":"auto","background-attachment":"scroll","background-type":"","background-media":"","overlay-type":"","overlay-color":"","overlay-opacity":"","overlay-gradient":""}},"ngg_post_thumbnail":0,"footnotes":""},"categories":[1],"tags":[],"class_list":["post-38692","post","type-post","status-publish","format-standard","hentry","category-bez-kategorii"],"uagb_featured_image_src":{"full":false,"thumbnail":false,"medium":false,"medium_large":false,"large":false,"1536x1536":false,"2048x2048":false},"uagb_author_info":{"display_name":"Kasia","author_link":"https:\/\/sp5.pila.pl\/SP5\/author\/kasia\/"},"uagb_comment_info":0,"uagb_excerpt":"W ramach Innowacji pedagogicznej &#8222;Czacha dymi &#8211; rajd na emocjach&#8221; w pa\u017adzierniku zosta\u0142y przeprowadzone lekcje wychowawcze w klasach 4b, 6c, [&hellip;]","_links":{"self":[{"href":"https:\/\/sp5.pila.pl\/SP5\/wp-json\/wp\/v2\/posts\/38692","targetHints":{"allow":["GET"]}}],"collection":[{"href":"https:\/\/sp5.pila.pl\/SP5\/wp-json\/wp\/v2\/posts"}],"about":[{"href":"https:\/\/sp5.pila.pl\/SP5\/wp-json\/wp\/v2\/types\/post"}],"author":[{"embeddable":true,"href":"https:\/\/sp5.pila.pl\/SP5\/wp-json\/wp\/v2\/users\/5"}],"replies":[{"embeddable":true,"href":"https:\/\/sp5.pila.pl\/SP5\/wp-json\/wp\/v2\/comments?post=38692"}],"version-history":[{"count":5,"href":"https:\/\/sp5.pila.pl\/SP5\/wp-json\/wp\/v2\/posts\/38692\/revisions"}],"predecessor-version":[{"id":38704,"href":"https:\/\/sp5.pila.pl\/SP5\/wp-json\/wp\/v2\/posts\/38692\/revisions\/38704"}],"wp:attachment":[{"href":"https:\/\/sp5.pila.pl\/SP5\/wp-json\/wp\/v2\/media?parent=38692"}],"wp:term":[{"taxonomy":"category","embeddable":true,"href":"https:\/\/sp5.pila.pl\/SP5\/wp-json\/wp\/v2\/categories?post=38692"},{"taxonomy":"post_tag","embeddable":true,"href":"https:\/\/sp5.pila.pl\/SP5\/wp-json\/wp\/v2\/tags?post=38692"}],"curies":[{"name":"wp","href":"https:\/\/api.w.org\/{rel}","templated":true}]}}