{"id":38707,"date":"2023-11-07T11:55:50","date_gmt":"2023-11-07T10:55:50","guid":{"rendered":"https:\/\/sp5.pila.pl\/SP5\/?p=38707"},"modified":"2023-11-07T12:02:19","modified_gmt":"2023-11-07T11:02:19","slug":"spotkanie-z-ratownikiem-medycznym","status":"publish","type":"post","link":"https:\/\/sp5.pila.pl\/SP5\/2023\/11\/07\/spotkanie-z-ratownikiem-medycznym\/","title":{"rendered":"Spotkanie z ratownikiem medycznym"},"content":{"rendered":"<p style=\"text-align: justify;\"><img loading=\"lazy\" decoding=\"async\" class=\"wp-image-38708 alignleft\" src=\"https:\/\/sp5.pila.pl\/SP5\/wp-content\/uploads\/images-11.png\" alt=\"\" width=\"151\" height=\"122\">W poniedzia\u0142ek 6 listopada 2023r. dzieci z IV oddzia\u0142u przedszkolnego i uczniowie klasy II b spotkali si\u0119 z ratownikiem medycznym, dyrektorem Polskiej Szko\u0142y Pierwszej Pomocy, BHP i Doradztwa, p. Patrycjuszem Kurkiem.<!--more--> To ju\u017c drugie spotkanie z cyklu \u201eMali ratownicy\u201d, tym razem z osob\u0105 bezpo\u015brednio zwi\u0105zan\u0105 z tematem pierwszej pomocy.&nbsp; Dzieci mia\u0142y okazj\u0119 pokaza\u0107 ratownikowi czego nauczy\u0142y si\u0119 poprzednim razem. Wspaniale poradzi\u0142y sobie z u\u0142o\u017ceniem osoby w bezpiecznej pozycji bocznej ustalonej, nawet kiedy t\u0105 osob\u0105 by\u0142 pan Patrycjusz. Pami\u0119ta\u0142y numery alarmowe. Wzbogaci\u0142y wiedz\u0119 na temat bezpiecze\u0144stwa podczas udzielania pierwszej pomocy oraz ustalania, czy osoba jest dro\u017cna oddechowo. Po raz pierwszy mia\u0142y do czynienia z fantomem, na kt\u00f3rym \u0107wiczy\u0142y w\u0142a\u015bciwe uciskanie klatki piersiowej. Du\u017co uwagi po\u015bwi\u0119ci\u0142y tak\u017ce nauce banda\u017cowania ko\u0144czyn i g\u0142owy. T\u0119 czynno\u015b\u0107 z pewno\u015bci\u0105 b\u0119d\u0105 \u0107wiczy\u0107 podczas zaj\u0119\u0107 grupowych w sali i w klasie. Przed nami kolejne zaj\u0119cia. Cieszy nas fakt, \u017ce tematyka pierwszej pomocy przedmedycznej spotyka si\u0119 z du\u017cym zainteresowaniem ze strony dzieci.<\/p>\n<p style=\"text-align: justify;\">Panu Patrycjuszowi Kurkowi bardzo dzi\u0119kujemy za przeprowadzenie ciekawych i profesjonalnych zaj\u0119\u0107, podczas kt\u00f3rych dzieci mog\u0142y pod okiem fachowca zdobywa\u0107 i doskonali\u0107 tak cenne umiej\u0119tno\u015bci!!! &nbsp; &nbsp;&nbsp;<\/p>\n<p style=\"text-align: center;\"><a href=\"https:\/\/sp5.pila.pl\/SP5\/galeria-2023-24\/nggallery\/rok-szkolny-2023-2024\/2023-11-07-spotkanie-z-ratownikiem-medycznym\">&gt;&gt;zobacz zdj\u0119cia&lt;&lt;<\/a><\/p>\n<p style=\"text-align: right;\">&nbsp; &nbsp;&nbsp;Izabela Baraniak i Ma\u0142gorzata Prus<\/p>\n","protected":false},"excerpt":{"rendered":"<p>W poniedzia\u0142ek 6 listopada 2023r. dzieci z IV oddzia\u0142u przedszkolnego i uczniowie klasy II b spotkali si\u0119 z ratownikiem medycznym, [&hellip;]<\/p>\n","protected":false},"author":5,"featured_media":0,"comment_status":"closed","ping_status":"closed","sticky":false,"template":"","format":"standard","meta":{"_editorskit_title_hidden":false,"_editorskit_reading_time":0,"_editorskit_is_block_options_detached":false,"_editorskit_block_options_position":"{}","rop_custom_images_group":[],"rop_custom_messages_group":[],"rop_publish_now":"initial","rop_publish_now_accounts":[],"rop_publish_now_history":[],"rop_publish_now_status":"pending","_uag_custom_page_level_css":"","site-sidebar-layout":"default","site-content-layout":"","ast-site-content-layout":"default","site-content-style":"default","site-sidebar-style":"default","ast-global-header-display":"","ast-banner-title-visibility":"","ast-main-header-display":"","ast-hfb-above-header-display":"","ast-hfb-below-header-display":"","ast-hfb-mobile-header-display":"","site-post-title":"","ast-breadcrumbs-content":"","ast-featured-img":"","footer-sml-layout":"","ast-disable-related-posts":"","theme-transparent-header-meta":"","adv-header-id-meta":"","stick-header-meta":"","header-above-stick-meta":"","header-main-stick-meta":"","header-below-stick-meta":"","astra-migrate-meta-layouts":"default","ast-page-background-enabled":"default","ast-page-background-meta":{"desktop":{"background-color":"var(--ast-global-color-5)","background-image":"","background-repeat":"repeat","background-position":"center center","background-size":"auto","background-attachment":"scroll","background-type":"","background-media":"","overlay-type":"","overlay-color":"","overlay-opacity":"","overlay-gradient":""},"tablet":{"background-color":"","background-image":"","background-repeat":"repeat","background-position":"center center","background-size":"auto","background-attachment":"scroll","background-type":"","background-media":"","overlay-type":"","overlay-color":"","overlay-opacity":"","overlay-gradient":""},"mobile":{"background-color":"","background-image":"","background-repeat":"repeat","background-position":"center center","background-size":"auto","background-attachment":"scroll","background-type":"","background-media":"","overlay-type":"","overlay-color":"","overlay-opacity":"","overlay-gradient":""}},"ast-content-background-meta":{"desktop":{"background-color":"var(--ast-global-color-4)","background-image":"","background-repeat":"repeat","background-position":"center center","background-size":"auto","background-attachment":"scroll","background-type":"","background-media":"","overlay-type":"","overlay-color":"","overlay-opacity":"","overlay-gradient":""},"tablet":{"background-color":"var(--ast-global-color-4)","background-image":"","background-repeat":"repeat","background-position":"center center","background-size":"auto","background-attachment":"scroll","background-type":"","background-media":"","overlay-type":"","overlay-color":"","overlay-opacity":"","overlay-gradient":""},"mobile":{"background-color":"var(--ast-global-color-4)","background-image":"","background-repeat":"repeat","background-position":"center center","background-size":"auto","background-attachment":"scroll","background-type":"","background-media":"","overlay-type":"","overlay-color":"","overlay-opacity":"","overlay-gradient":""}},"ngg_post_thumbnail":0,"footnotes":""},"categories":[1],"tags":[],"class_list":["post-38707","post","type-post","status-publish","format-standard","hentry","category-bez-kategorii"],"uagb_featured_image_src":{"full":false,"thumbnail":false,"medium":false,"medium_large":false,"large":false,"1536x1536":false,"2048x2048":false},"uagb_author_info":{"display_name":"Kasia","author_link":"https:\/\/sp5.pila.pl\/SP5\/author\/kasia\/"},"uagb_comment_info":0,"uagb_excerpt":"W poniedzia\u0142ek 6 listopada 2023r. dzieci z IV oddzia\u0142u przedszkolnego i uczniowie klasy II b spotkali si\u0119 z ratownikiem medycznym, [&hellip;]","_links":{"self":[{"href":"https:\/\/sp5.pila.pl\/SP5\/wp-json\/wp\/v2\/posts\/38707","targetHints":{"allow":["GET"]}}],"collection":[{"href":"https:\/\/sp5.pila.pl\/SP5\/wp-json\/wp\/v2\/posts"}],"about":[{"href":"https:\/\/sp5.pila.pl\/SP5\/wp-json\/wp\/v2\/types\/post"}],"author":[{"embeddable":true,"href":"https:\/\/sp5.pila.pl\/SP5\/wp-json\/wp\/v2\/users\/5"}],"replies":[{"embeddable":true,"href":"https:\/\/sp5.pila.pl\/SP5\/wp-json\/wp\/v2\/comments?post=38707"}],"version-history":[{"count":5,"href":"https:\/\/sp5.pila.pl\/SP5\/wp-json\/wp\/v2\/posts\/38707\/revisions"}],"predecessor-version":[{"id":38720,"href":"https:\/\/sp5.pila.pl\/SP5\/wp-json\/wp\/v2\/posts\/38707\/revisions\/38720"}],"wp:attachment":[{"href":"https:\/\/sp5.pila.pl\/SP5\/wp-json\/wp\/v2\/media?parent=38707"}],"wp:term":[{"taxonomy":"category","embeddable":true,"href":"https:\/\/sp5.pila.pl\/SP5\/wp-json\/wp\/v2\/categories?post=38707"},{"taxonomy":"post_tag","embeddable":true,"href":"https:\/\/sp5.pila.pl\/SP5\/wp-json\/wp\/v2\/tags?post=38707"}],"curies":[{"name":"wp","href":"https:\/\/api.w.org\/{rel}","templated":true}]}}