{"id":39229,"date":"2023-11-13T11:28:19","date_gmt":"2023-11-13T10:28:19","guid":{"rendered":"https:\/\/sp5.pila.pl\/SP5\/?p=39229"},"modified":"2023-11-13T11:42:04","modified_gmt":"2023-11-13T10:42:04","slug":"dzien-zdrowego-sniadania-w-klasach-i-iii","status":"publish","type":"post","link":"https:\/\/sp5.pila.pl\/SP5\/2023\/11\/13\/dzien-zdrowego-sniadania-w-klasach-i-iii\/","title":{"rendered":"Dzie\u0144 zdrowego \u015bniadania w klasach I &#8211; III"},"content":{"rendered":"<p style=\"margin-bottom: .0001pt;\"><span style=\"color: black;\"><img loading=\"lazy\" decoding=\"async\" class=\"wp-image-39230 alignleft\" src=\"https:\/\/sp5.pila.pl\/SP5\/wp-content\/uploads\/sniadanie-1-300x209.gif\" alt=\"\" width=\"165\" height=\"115\" srcset=\"https:\/\/sp5.pila.pl\/SP5\/wp-content\/uploads\/sniadanie-1-300x209.gif 300w, https:\/\/sp5.pila.pl\/SP5\/wp-content\/uploads\/sniadanie-1-655x457.gif 655w\" sizes=\"auto, (max-width: 165px) 100vw, 165px\" \/>8 listopada wszystkie klasy I- III obchodzi\u0142y w naszej szkole Dzie\u0144 Zdrowego \u015aniadania, kt\u00f3rego celem jest promowanie w\u015br\u00f3d najm\u0142odszych dobrych nawyk\u00f3w \u017cywieniowych i zach\u0119canie do spo\u017cywania regularnego \u015bniadania. <em><span style=\"font-style: normal;\">\u015aniadanie to najwa\u017cniejszy posi\u0142ek dnia. Dzi\u0119ki niemu dzieci maj\u0105 energi\u0119 do nauki, lepiej koncentruj\u0105 si\u0119 podczas lekcji i maj\u0105 si\u0142\u0119 do zabawy. To najlepszy start w nowy dzie\u0144.<\/span><\/em> <\/span><!--more--><\/p>\n<p style=\"margin-bottom: .0001pt; orphans: 2; widows: 2;\"><span style=\"color: black;\">W tym dniu dzieci wykona\u0142y nast\u0119puj\u0105ce zadania:<\/span><\/p>\n<p style=\"margin-bottom: .0001pt;\"><span style=\"color: black;\">&#8211; sporz\u0105dzi\u0142y zdrowe i kolorowe kanapki oraz kanapki w kolorach flagi Polski z okazji Tygodnia patriotycznego,<\/span><\/p>\n<p style=\"margin-bottom: .0001pt;\"><span style=\"color: black;\">&#8211; zapozna\u0142y si\u0119 z piramid\u0105 zdrowia oraz z zaleceniami Instytutu \u017bywno\u015bci i \u017bywienia,<\/span><\/p>\n<p style=\"margin-bottom: .0001pt; orphans: 2; widows: 2;\"><span style=\"color: black;\">&#8211; ogl\u0105da\u0142y film edukacyjny na temat zdrowego \u015bniadania \u201eKazio i zdrowe \u015bniadanie\u201d,<\/span><\/p>\n<p style=\"margin-bottom: .0001pt; orphans: 2; widows: 2;\"><span style=\"color: black;\">&#8211; segregowa\u0142y produkty na zdrowe i niezdrowe,<\/span><\/p>\n<p style=\"margin-bottom: .0001pt; orphans: 2; widows: 2;\"><span style=\"color: black;\">&#8211; wyszukiwa\u0142y s\u0142owa w \u201ewykre\u015blance\u201d na temat zdrowych produkt\u00f3w i zdrowego stylu \u017cycia.<\/span><\/p>\n<p style=\"margin-bottom: .0001pt;\"><em><span style=\"font-family: 'Calibri',sans-serif; color: black; font-style: normal;\">Dzieci z entuzjazmem uczestniczy\u0142y w podj\u0119tej akcji. Niesamowicie zaanga\u017cowali si\u0119 w ni\u0105 tak\u017ce rodzice, wyra\u017caj\u0105c aprobat\u0119 oraz uznanie dla takich dzia\u0142a\u0144. To w\u0142a\u015bnie oni dostarczyli produkty potrzebne do zorganizowania zdrowego \u015bniadania. Na stole znalaz\u0142y si\u0119 zatem: pieczywo r\u00f3\u017cnego rodzaju i r\u00f3\u017cnego kszta\u0142tu, mas\u0142o, w\u0119dliny, sery, serki, jogurty i warzywa. By\u0142o weso\u0142o, smacznie i sympatycznie. Dzieci potrafi\u0142y dzieli\u0107 si\u0119 produktami, dzia\u0142a\u0107 wsp\u00f3lnie i zgodnie. Nie ba\u0142y si\u0119 pr\u00f3bowa\u0107 nowych smak\u00f3w. Takie \u015bniadanie by\u0142o dla nich prawdziw\u0105 frajd\u0105. Na twarzach promienia\u0142 u\u015bmiech i zachwyt.<\/span><\/em><\/p>\n<p style=\"text-align: center;\"><a href=\"https:\/\/sp5.pila.pl\/SP5\/galeria-2023-24\/nggallery\/rok-szkolny-2023-2024\/2023-11-10-dzien-zdrowego-sniadania-w-klasach-i-iii\">&gt;&gt;zobacz zdj\u0119cia&lt;&lt;<\/a><\/p>\n<p style=\"margin-bottom: 0.0001pt; text-align: right;\"><span style=\"color: black;\">Monika B\u0119ben<\/span><\/p>\n<p style=\"margin-bottom: .0001pt;\">&nbsp;<\/p>\n","protected":false},"excerpt":{"rendered":"<p>8 listopada wszystkie klasy I- III obchodzi\u0142y w naszej szkole Dzie\u0144 Zdrowego \u015aniadania, kt\u00f3rego celem jest promowanie w\u015br\u00f3d najm\u0142odszych dobrych [&hellip;]<\/p>\n","protected":false},"author":5,"featured_media":0,"comment_status":"closed","ping_status":"closed","sticky":false,"template":"","format":"standard","meta":{"_editorskit_title_hidden":false,"_editorskit_reading_time":0,"_editorskit_is_block_options_detached":false,"_editorskit_block_options_position":"{}","rop_custom_images_group":[],"rop_custom_messages_group":[],"rop_publish_now":"initial","rop_publish_now_accounts":[],"rop_publish_now_history":[],"rop_publish_now_status":"pending","_uag_custom_page_level_css":"","site-sidebar-layout":"default","site-content-layout":"","ast-site-content-layout":"default","site-content-style":"default","site-sidebar-style":"default","ast-global-header-display":"","ast-banner-title-visibility":"","ast-main-header-display":"","ast-hfb-above-header-display":"","ast-hfb-below-header-display":"","ast-hfb-mobile-header-display":"","site-post-title":"","ast-breadcrumbs-content":"","ast-featured-img":"","footer-sml-layout":"","ast-disable-related-posts":"","theme-transparent-header-meta":"","adv-header-id-meta":"","stick-header-meta":"","header-above-stick-meta":"","header-main-stick-meta":"","header-below-stick-meta":"","astra-migrate-meta-layouts":"default","ast-page-background-enabled":"default","ast-page-background-meta":{"desktop":{"background-color":"var(--ast-global-color-5)","background-image":"","background-repeat":"repeat","background-position":"center center","background-size":"auto","background-attachment":"scroll","background-type":"","background-media":"","overlay-type":"","overlay-color":"","overlay-opacity":"","overlay-gradient":""},"tablet":{"background-color":"","background-image":"","background-repeat":"repeat","background-position":"center center","background-size":"auto","background-attachment":"scroll","background-type":"","background-media":"","overlay-type":"","overlay-color":"","overlay-opacity":"","overlay-gradient":""},"mobile":{"background-color":"","background-image":"","background-repeat":"repeat","background-position":"center center","background-size":"auto","background-attachment":"scroll","background-type":"","background-media":"","overlay-type":"","overlay-color":"","overlay-opacity":"","overlay-gradient":""}},"ast-content-background-meta":{"desktop":{"background-color":"var(--ast-global-color-4)","background-image":"","background-repeat":"repeat","background-position":"center center","background-size":"auto","background-attachment":"scroll","background-type":"","background-media":"","overlay-type":"","overlay-color":"","overlay-opacity":"","overlay-gradient":""},"tablet":{"background-color":"var(--ast-global-color-4)","background-image":"","background-repeat":"repeat","background-position":"center center","background-size":"auto","background-attachment":"scroll","background-type":"","background-media":"","overlay-type":"","overlay-color":"","overlay-opacity":"","overlay-gradient":""},"mobile":{"background-color":"var(--ast-global-color-4)","background-image":"","background-repeat":"repeat","background-position":"center center","background-size":"auto","background-attachment":"scroll","background-type":"","background-media":"","overlay-type":"","overlay-color":"","overlay-opacity":"","overlay-gradient":""}},"ngg_post_thumbnail":0,"footnotes":""},"categories":[1],"tags":[],"class_list":["post-39229","post","type-post","status-publish","format-standard","hentry","category-bez-kategorii"],"uagb_featured_image_src":{"full":false,"thumbnail":false,"medium":false,"medium_large":false,"large":false,"1536x1536":false,"2048x2048":false},"uagb_author_info":{"display_name":"Kasia","author_link":"https:\/\/sp5.pila.pl\/SP5\/author\/kasia\/"},"uagb_comment_info":0,"uagb_excerpt":"8 listopada wszystkie klasy I- III obchodzi\u0142y w naszej szkole Dzie\u0144 Zdrowego \u015aniadania, kt\u00f3rego celem jest promowanie w\u015br\u00f3d najm\u0142odszych dobrych [&hellip;]","_links":{"self":[{"href":"https:\/\/sp5.pila.pl\/SP5\/wp-json\/wp\/v2\/posts\/39229","targetHints":{"allow":["GET"]}}],"collection":[{"href":"https:\/\/sp5.pila.pl\/SP5\/wp-json\/wp\/v2\/posts"}],"about":[{"href":"https:\/\/sp5.pila.pl\/SP5\/wp-json\/wp\/v2\/types\/post"}],"author":[{"embeddable":true,"href":"https:\/\/sp5.pila.pl\/SP5\/wp-json\/wp\/v2\/users\/5"}],"replies":[{"embeddable":true,"href":"https:\/\/sp5.pila.pl\/SP5\/wp-json\/wp\/v2\/comments?post=39229"}],"version-history":[{"count":2,"href":"https:\/\/sp5.pila.pl\/SP5\/wp-json\/wp\/v2\/posts\/39229\/revisions"}],"predecessor-version":[{"id":39248,"href":"https:\/\/sp5.pila.pl\/SP5\/wp-json\/wp\/v2\/posts\/39229\/revisions\/39248"}],"wp:attachment":[{"href":"https:\/\/sp5.pila.pl\/SP5\/wp-json\/wp\/v2\/media?parent=39229"}],"wp:term":[{"taxonomy":"category","embeddable":true,"href":"https:\/\/sp5.pila.pl\/SP5\/wp-json\/wp\/v2\/categories?post=39229"},{"taxonomy":"post_tag","embeddable":true,"href":"https:\/\/sp5.pila.pl\/SP5\/wp-json\/wp\/v2\/tags?post=39229"}],"curies":[{"name":"wp","href":"https:\/\/api.w.org\/{rel}","templated":true}]}}