{"id":39274,"date":"2023-11-13T12:09:50","date_gmt":"2023-11-13T11:09:50","guid":{"rendered":"https:\/\/sp5.pila.pl\/SP5\/?p=39274"},"modified":"2023-11-13T12:19:56","modified_gmt":"2023-11-13T11:19:56","slug":"obchody-105-rocznicy-odzyskania-niepodleglosci","status":"publish","type":"post","link":"https:\/\/sp5.pila.pl\/SP5\/2023\/11\/13\/obchody-105-rocznicy-odzyskania-niepodleglosci\/","title":{"rendered":"Obchody 105 rocznicy odzyskania niepodleg\u0142o\u015bci"},"content":{"rendered":"<p style=\"text-align: justify;\"><img loading=\"lazy\" decoding=\"async\" class=\"size-medium wp-image-39275 alignleft\" src=\"https:\/\/sp5.pila.pl\/SP5\/wp-content\/uploads\/IMG_20231111_144737_848-225x300.jpg\" alt=\"\" width=\"225\" height=\"300\" srcset=\"https:\/\/sp5.pila.pl\/SP5\/wp-content\/uploads\/IMG_20231111_144737_848-225x300.jpg 225w, https:\/\/sp5.pila.pl\/SP5\/wp-content\/uploads\/IMG_20231111_144737_848-768x1024.jpg 768w, https:\/\/sp5.pila.pl\/SP5\/wp-content\/uploads\/IMG_20231111_144737_848-1152x1536.jpg 1152w, https:\/\/sp5.pila.pl\/SP5\/wp-content\/uploads\/IMG_20231111_144737_848-1536x2048.jpg 1536w, https:\/\/sp5.pila.pl\/SP5\/wp-content\/uploads\/IMG_20231111_144737_848-655x873.jpg 655w, https:\/\/sp5.pila.pl\/SP5\/wp-content\/uploads\/IMG_20231111_144737_848-scaled.jpg 1920w\" sizes=\"auto, (max-width: 225px) 100vw, 225px\" \/>Z okazji 105 rocznicy odzyskania niepodleg\u0142o\u015bci przez Polsk\u0119 miasto zorganizowa\u0142o&nbsp; uroczysto\u015bci pod pomnikiem Tysi\u0105clecia Pa\u0144stwa Polskiego i Powrotu Ziem Zachodnich do Macierzy.<!--more-->Jako pierwsza g\u0142os zabra\u0142a przewodnicz\u0105ca Rady Miasta Pi\u0142y Maria Kubica. Po nim odczytano apel poleg\u0142ych. By\u0142o tak\u017ce wsp\u00f3lne od\u015bpiewanie hymnu pa\u0144stwowego oraz salwa honorowa. Na zako\u0144czenie uroczysto\u015bci delegacje instytucji i zak\u0142ad\u00f3w pracy z\u0142o\u017cy\u0142y wi\u0105zanki kwiat\u00f3w. W uroczysto\u015bciach pod pomnikiem wzi\u0119\u0142o udzia\u0142 kilkuset mieszka\u0144c\u00f3w Pi\u0142y, w\u015br\u00f3d nich nie zabrak\u0142o pocztu sztandarowego Towarzystwa Pami\u0119ci Powstania Wielkopolskiego 1918\/1919 im kpt. Teofila Spycha\u0142y. W jego sk\u0142ad&nbsp; weszli uczniowie naszej szko\u0142y&nbsp; Wiktor Aninowski, Stanis\u0142aw Moszcze\u0144ski oraz Tymoteusz Mo\u017cd\u017ce\u0144.<\/p>\n<p style=\"text-align: right;\">Micha\u0142 \u0141o\u017cy\u0144ski<\/p>\n","protected":false},"excerpt":{"rendered":"<p>Z okazji 105 rocznicy odzyskania niepodleg\u0142o\u015bci przez Polsk\u0119 miasto zorganizowa\u0142o&nbsp; uroczysto\u015bci pod pomnikiem Tysi\u0105clecia Pa\u0144stwa Polskiego i Powrotu Ziem Zachodnich [&hellip;]<\/p>\n","protected":false},"author":5,"featured_media":0,"comment_status":"closed","ping_status":"closed","sticky":false,"template":"","format":"standard","meta":{"_editorskit_title_hidden":false,"_editorskit_reading_time":0,"_editorskit_is_block_options_detached":false,"_editorskit_block_options_position":"{}","rop_custom_images_group":[],"rop_custom_messages_group":[],"rop_publish_now":"initial","rop_publish_now_accounts":[],"rop_publish_now_history":[],"rop_publish_now_status":"pending","_uag_custom_page_level_css":"","site-sidebar-layout":"default","site-content-layout":"","ast-site-content-layout":"default","site-content-style":"default","site-sidebar-style":"default","ast-global-header-display":"","ast-banner-title-visibility":"","ast-main-header-display":"","ast-hfb-above-header-display":"","ast-hfb-below-header-display":"","ast-hfb-mobile-header-display":"","site-post-title":"","ast-breadcrumbs-content":"","ast-featured-img":"","footer-sml-layout":"","ast-disable-related-posts":"","theme-transparent-header-meta":"","adv-header-id-meta":"","stick-header-meta":"","header-above-stick-meta":"","header-main-stick-meta":"","header-below-stick-meta":"","astra-migrate-meta-layouts":"default","ast-page-background-enabled":"default","ast-page-background-meta":{"desktop":{"background-color":"var(--ast-global-color-5)","background-image":"","background-repeat":"repeat","background-position":"center center","background-size":"auto","background-attachment":"scroll","background-type":"","background-media":"","overlay-type":"","overlay-color":"","overlay-opacity":"","overlay-gradient":""},"tablet":{"background-color":"","background-image":"","background-repeat":"repeat","background-position":"center center","background-size":"auto","background-attachment":"scroll","background-type":"","background-media":"","overlay-type":"","overlay-color":"","overlay-opacity":"","overlay-gradient":""},"mobile":{"background-color":"","background-image":"","background-repeat":"repeat","background-position":"center center","background-size":"auto","background-attachment":"scroll","background-type":"","background-media":"","overlay-type":"","overlay-color":"","overlay-opacity":"","overlay-gradient":""}},"ast-content-background-meta":{"desktop":{"background-color":"var(--ast-global-color-4)","background-image":"","background-repeat":"repeat","background-position":"center center","background-size":"auto","background-attachment":"scroll","background-type":"","background-media":"","overlay-type":"","overlay-color":"","overlay-opacity":"","overlay-gradient":""},"tablet":{"background-color":"var(--ast-global-color-4)","background-image":"","background-repeat":"repeat","background-position":"center center","background-size":"auto","background-attachment":"scroll","background-type":"","background-media":"","overlay-type":"","overlay-color":"","overlay-opacity":"","overlay-gradient":""},"mobile":{"background-color":"var(--ast-global-color-4)","background-image":"","background-repeat":"repeat","background-position":"center center","background-size":"auto","background-attachment":"scroll","background-type":"","background-media":"","overlay-type":"","overlay-color":"","overlay-opacity":"","overlay-gradient":""}},"ngg_post_thumbnail":0,"footnotes":""},"categories":[1],"tags":[],"class_list":["post-39274","post","type-post","status-publish","format-standard","hentry","category-bez-kategorii"],"uagb_featured_image_src":{"full":false,"thumbnail":false,"medium":false,"medium_large":false,"large":false,"1536x1536":false,"2048x2048":false},"uagb_author_info":{"display_name":"Kasia","author_link":"https:\/\/sp5.pila.pl\/SP5\/author\/kasia\/"},"uagb_comment_info":0,"uagb_excerpt":"Z okazji 105 rocznicy odzyskania niepodleg\u0142o\u015bci przez Polsk\u0119 miasto zorganizowa\u0142o&nbsp; uroczysto\u015bci pod pomnikiem Tysi\u0105clecia Pa\u0144stwa Polskiego i Powrotu Ziem Zachodnich [&hellip;]","_links":{"self":[{"href":"https:\/\/sp5.pila.pl\/SP5\/wp-json\/wp\/v2\/posts\/39274","targetHints":{"allow":["GET"]}}],"collection":[{"href":"https:\/\/sp5.pila.pl\/SP5\/wp-json\/wp\/v2\/posts"}],"about":[{"href":"https:\/\/sp5.pila.pl\/SP5\/wp-json\/wp\/v2\/types\/post"}],"author":[{"embeddable":true,"href":"https:\/\/sp5.pila.pl\/SP5\/wp-json\/wp\/v2\/users\/5"}],"replies":[{"embeddable":true,"href":"https:\/\/sp5.pila.pl\/SP5\/wp-json\/wp\/v2\/comments?post=39274"}],"version-history":[{"count":1,"href":"https:\/\/sp5.pila.pl\/SP5\/wp-json\/wp\/v2\/posts\/39274\/revisions"}],"predecessor-version":[{"id":39276,"href":"https:\/\/sp5.pila.pl\/SP5\/wp-json\/wp\/v2\/posts\/39274\/revisions\/39276"}],"wp:attachment":[{"href":"https:\/\/sp5.pila.pl\/SP5\/wp-json\/wp\/v2\/media?parent=39274"}],"wp:term":[{"taxonomy":"category","embeddable":true,"href":"https:\/\/sp5.pila.pl\/SP5\/wp-json\/wp\/v2\/categories?post=39274"},{"taxonomy":"post_tag","embeddable":true,"href":"https:\/\/sp5.pila.pl\/SP5\/wp-json\/wp\/v2\/tags?post=39274"}],"curies":[{"name":"wp","href":"https:\/\/api.w.org\/{rel}","templated":true}]}}