{"id":40173,"date":"2023-12-04T14:21:10","date_gmt":"2023-12-04T13:21:10","guid":{"rendered":"https:\/\/sp5.pila.pl\/SP5\/?p=40173"},"modified":"2023-12-04T14:30:52","modified_gmt":"2023-12-04T13:30:52","slug":"ocalimy-swiat","status":"publish","type":"post","link":"https:\/\/sp5.pila.pl\/SP5\/2023\/12\/04\/ocalimy-swiat\/","title":{"rendered":"&#8222;Ocalimy \u015awiat&#8221;"},"content":{"rendered":"<p style=\"text-align: justify;\"><img loading=\"lazy\" decoding=\"async\" class=\"wp-image-38022 alignleft\" src=\"https:\/\/sp5.pila.pl\/SP5\/wp-content\/uploads\/ekologia-300x264.jpg\" alt=\"\" width=\"149\" height=\"131\" srcset=\"https:\/\/sp5.pila.pl\/SP5\/wp-content\/uploads\/ekologia-300x264.jpg 300w, https:\/\/sp5.pila.pl\/SP5\/wp-content\/uploads\/ekologia-768x677.jpg 768w, https:\/\/sp5.pila.pl\/SP5\/wp-content\/uploads\/ekologia-655x577.jpg 655w, https:\/\/sp5.pila.pl\/SP5\/wp-content\/uploads\/ekologia.jpg 800w\" sizes=\"auto, (max-width: 149px) 100vw, 149px\" \/>W ramach projektu edukacyjnego &#8222;Ocalimy \u015awiat&#8221;, kt\u00f3rego organizatorem jest Fundacja \u201eABCXXI \u2013 Ca\u0142a Polska czyta dzieciom\u201d, klasy 2 podczas pobytu w \u015bwietlicy przez ca\u0142y rok szkolny cyklicznie b\u0119d\u0105 w\u0142\u0105cza\u0107 si\u0119 w ratowanie \u017cycia na Ziemi. <!--more-->B\u0119d\u0105 zdobywa\u0107 wiedz\u0119 i uczy\u0107 si\u0119 post\u0119powa\u0107 odpowiedzialnie i m\u0105drze, podejmowa\u0107 dobre decyzje \u2013 solidarnie, z szacunkiem dla Ziemi i wszystkich jej mieszka\u0144c\u00f3w.<\/p>\n<p style=\"text-align: justify;\">Wyj\u0105tkowo\u015b\u0107 Programu O\u015a polega na po\u0142\u0105czeniu w nim komponent\u00f3w: ekologicznego, moralnego i cyfrowego, uzupe\u0142nionych o wymiar literacki (w postaci opowiada\u0144 o problemach moralnych w kontek\u015bcie ekologii) oraz spo\u0142eczny. Po lekturze opowiada\u0144 i zaj\u0119ciach warsztatowych na temat problem\u00f3w ekologicznych i uniwersalnych warto\u015bci moralnych (takich jak szacunek, odpowiedzialno\u015b\u0107 czy m\u0105dro\u015b\u0107) uczniowie przeprowadz\u0105 w\u0142asne projekty proekologiczne. Na pierwszych zaj\u0119ciach poruszyli\u015bmy kwesti\u0119 zmiany klimatu i konsekwencji tego zjawiska oraz potrzeby zaanga\u017cowania ludzi w dzia\u0142ania na rzecz powstrzymania globalnego ocieplenia. Poznawali\u015bmy dzia\u0142ania, kt\u00f3re mo\u017cemy podejmowa\u0107 na rzecz ochrony \u015brodowiska. Rozmawiali\u015bmy o tym, czym jest szacunek dla innych ludzi oraz dla ich odmienno\u015bci. A na koniec uczniowie wykonali prac\u0119 plastyczn\u0105 pt: &#8222;Dzia\u0142am dla klimatu&#8221;, w kt\u00f3rej zawar\u0142y zapami\u0119tane przez siebie pozytywne dzia\u0142ania, jakie stosuj\u0105, by sprzyja\u0107 \u015brodowisku.<\/p>\n<p style=\"text-align: center;\"><a href=\"https:\/\/sp5.pila.pl\/SP5\/galeria-2023-24\/nggallery\/rok-szkolny-2023-2024\/2023-12-02-ocalimy-swiat\">&gt;&gt;zobacz zdj\u0119cia&lt;&lt;<\/a><\/p>\n<p style=\"text-align: right;\">K. Pilarczyk, K. K\u0142os<\/p>\n<p>&nbsp;<\/p>\n","protected":false},"excerpt":{"rendered":"<p>W ramach projektu edukacyjnego &#8222;Ocalimy \u015awiat&#8221;, kt\u00f3rego organizatorem jest Fundacja \u201eABCXXI \u2013 Ca\u0142a Polska czyta dzieciom\u201d, klasy 2 podczas pobytu [&hellip;]<\/p>\n","protected":false},"author":5,"featured_media":0,"comment_status":"closed","ping_status":"closed","sticky":false,"template":"","format":"standard","meta":{"_editorskit_title_hidden":false,"_editorskit_reading_time":0,"_editorskit_is_block_options_detached":false,"_editorskit_block_options_position":"{}","rop_custom_images_group":[],"rop_custom_messages_group":[],"rop_publish_now":"initial","rop_publish_now_accounts":[],"rop_publish_now_history":[],"rop_publish_now_status":"pending","_uag_custom_page_level_css":"","site-sidebar-layout":"default","site-content-layout":"","ast-site-content-layout":"default","site-content-style":"default","site-sidebar-style":"default","ast-global-header-display":"","ast-banner-title-visibility":"","ast-main-header-display":"","ast-hfb-above-header-display":"","ast-hfb-below-header-display":"","ast-hfb-mobile-header-display":"","site-post-title":"","ast-breadcrumbs-content":"","ast-featured-img":"","footer-sml-layout":"","ast-disable-related-posts":"","theme-transparent-header-meta":"","adv-header-id-meta":"","stick-header-meta":"","header-above-stick-meta":"","header-main-stick-meta":"","header-below-stick-meta":"","astra-migrate-meta-layouts":"default","ast-page-background-enabled":"default","ast-page-background-meta":{"desktop":{"background-color":"var(--ast-global-color-5)","background-image":"","background-repeat":"repeat","background-position":"center center","background-size":"auto","background-attachment":"scroll","background-type":"","background-media":"","overlay-type":"","overlay-color":"","overlay-opacity":"","overlay-gradient":""},"tablet":{"background-color":"","background-image":"","background-repeat":"repeat","background-position":"center center","background-size":"auto","background-attachment":"scroll","background-type":"","background-media":"","overlay-type":"","overlay-color":"","overlay-opacity":"","overlay-gradient":""},"mobile":{"background-color":"","background-image":"","background-repeat":"repeat","background-position":"center center","background-size":"auto","background-attachment":"scroll","background-type":"","background-media":"","overlay-type":"","overlay-color":"","overlay-opacity":"","overlay-gradient":""}},"ast-content-background-meta":{"desktop":{"background-color":"var(--ast-global-color-4)","background-image":"","background-repeat":"repeat","background-position":"center center","background-size":"auto","background-attachment":"scroll","background-type":"","background-media":"","overlay-type":"","overlay-color":"","overlay-opacity":"","overlay-gradient":""},"tablet":{"background-color":"var(--ast-global-color-4)","background-image":"","background-repeat":"repeat","background-position":"center center","background-size":"auto","background-attachment":"scroll","background-type":"","background-media":"","overlay-type":"","overlay-color":"","overlay-opacity":"","overlay-gradient":""},"mobile":{"background-color":"var(--ast-global-color-4)","background-image":"","background-repeat":"repeat","background-position":"center center","background-size":"auto","background-attachment":"scroll","background-type":"","background-media":"","overlay-type":"","overlay-color":"","overlay-opacity":"","overlay-gradient":""}},"ngg_post_thumbnail":0,"footnotes":""},"categories":[1],"tags":[],"class_list":["post-40173","post","type-post","status-publish","format-standard","hentry","category-bez-kategorii"],"uagb_featured_image_src":{"full":false,"thumbnail":false,"medium":false,"medium_large":false,"large":false,"1536x1536":false,"2048x2048":false},"uagb_author_info":{"display_name":"Kasia","author_link":"https:\/\/sp5.pila.pl\/SP5\/author\/kasia\/"},"uagb_comment_info":0,"uagb_excerpt":"W ramach projektu edukacyjnego &#8222;Ocalimy \u015awiat&#8221;, kt\u00f3rego organizatorem jest Fundacja \u201eABCXXI \u2013 Ca\u0142a Polska czyta dzieciom\u201d, klasy 2 podczas pobytu [&hellip;]","_links":{"self":[{"href":"https:\/\/sp5.pila.pl\/SP5\/wp-json\/wp\/v2\/posts\/40173","targetHints":{"allow":["GET"]}}],"collection":[{"href":"https:\/\/sp5.pila.pl\/SP5\/wp-json\/wp\/v2\/posts"}],"about":[{"href":"https:\/\/sp5.pila.pl\/SP5\/wp-json\/wp\/v2\/types\/post"}],"author":[{"embeddable":true,"href":"https:\/\/sp5.pila.pl\/SP5\/wp-json\/wp\/v2\/users\/5"}],"replies":[{"embeddable":true,"href":"https:\/\/sp5.pila.pl\/SP5\/wp-json\/wp\/v2\/comments?post=40173"}],"version-history":[{"count":2,"href":"https:\/\/sp5.pila.pl\/SP5\/wp-json\/wp\/v2\/posts\/40173\/revisions"}],"predecessor-version":[{"id":40182,"href":"https:\/\/sp5.pila.pl\/SP5\/wp-json\/wp\/v2\/posts\/40173\/revisions\/40182"}],"wp:attachment":[{"href":"https:\/\/sp5.pila.pl\/SP5\/wp-json\/wp\/v2\/media?parent=40173"}],"wp:term":[{"taxonomy":"category","embeddable":true,"href":"https:\/\/sp5.pila.pl\/SP5\/wp-json\/wp\/v2\/categories?post=40173"},{"taxonomy":"post_tag","embeddable":true,"href":"https:\/\/sp5.pila.pl\/SP5\/wp-json\/wp\/v2\/tags?post=40173"}],"curies":[{"name":"wp","href":"https:\/\/api.w.org\/{rel}","templated":true}]}}