{"id":42876,"date":"2024-04-22T09:45:39","date_gmt":"2024-04-22T07:45:39","guid":{"rendered":"https:\/\/sp5.pila.pl\/SP5\/?p=42876"},"modified":"2024-04-29T11:21:09","modified_gmt":"2024-04-29T09:21:09","slug":"maraton-wiosennych-bajek","status":"publish","type":"post","link":"https:\/\/sp5.pila.pl\/SP5\/2024\/04\/22\/maraton-wiosennych-bajek\/","title":{"rendered":"Maraton Wiosennych Bajek"},"content":{"rendered":"<p><img loading=\"lazy\" decoding=\"async\" class=\"wp-image-42877 alignleft\" src=\"https:\/\/sp5.pila.pl\/SP5\/wp-content\/uploads\/istockphoto-1441524451-170667a-300x300.jpg\" alt=\"\" width=\"172\" height=\"172\" srcset=\"https:\/\/sp5.pila.pl\/SP5\/wp-content\/uploads\/istockphoto-1441524451-170667a-300x300.jpg 300w, https:\/\/sp5.pila.pl\/SP5\/wp-content\/uploads\/istockphoto-1441524451-170667a-150x150.jpg 150w, https:\/\/sp5.pila.pl\/SP5\/wp-content\/uploads\/istockphoto-1441524451-170667a.jpg 416w\" sizes=\"auto, (max-width: 172px) 100vw, 172px\" \/><\/p>\n<p>19 kwietnia zako\u0144czy\u0142 si\u0119 w naszym przedszkolu projekt czytelniczy: Maraton Wiosennych Bajek,w kt\u00f3rym wzi\u0119li udzia\u0142 wybrani panowie.<!--more--><\/p>\n<p>Pierwszym naszym go\u015bciem by\u0142 pan Maciej Tutlewski, nauczyciel wychowania fizycznego, kt\u00f3ry zapozna\u0142 dzieci z perypetiami ,,Wr\u00f3belka Elemelka&#8221;. We wtorek do przedszkola zawita\u0142 pan Jan Matuszak &#8211; tata Liliany z grupy III, dzi\u0119ki kt\u00f3remu dzieci pozna\u0142y przygody ,,Krasnala Ha\u0142aba\u0142y&#8221;. \u015arodowe czytanie nale\u017ca\u0142o do maturzysty Marka J\u0119drzejaka, kt\u00f3ry przedstawi\u0142 zebranym dwie wiosenne opowie\u015bci z popularnej serii ,,Gangu S\u0142odziak\u00f3w&#8221;. W czwartkowy poranek odwiedzi\u0142 nasze progi pan Stanis\u0142aw D\u0105bek, dyrektor Regionalnego Centrum Kultury w Pile, kt\u00f3ry przypomnia\u0142 przedszkolakom losy male\u0144kiej ,,Calineczki&#8221;. Go\u015bciem zamykaj\u0105cym ,,Maraton&#8221; by\u0142 Igor Smolarz, brat Brunona z grupy III, kt\u00f3ry zaprezentowa\u0142 wybrane opowiadania&nbsp; z ,,Wielkiej ksi\u0119gi przyg\u00f3d Reksia &#8222;.<\/p>\n<p style=\"text-align: justify;\">Dzi\u0119kujemy Wszystkim Panom za udzia\u0142 w naszym projekcie i pi\u0119kne przeczytanie bajek o tematyce wiosennej.<\/p>\n<p style=\"text-align: center;\"><a href=\"https:\/\/sp5.pila.pl\/SP5\/galeria-2023-24\/nggallery\/album\/2024-04-19-maraton-wiosennych-bajek\">&gt;&gt;zobacz zdj\u0119cia&lt;&lt;<\/a><\/p>\n<p style=\"text-align: right;\">Joanna J\u0119drzejak&nbsp;<\/p>\n","protected":false},"excerpt":{"rendered":"<p>19 kwietnia zako\u0144czy\u0142 si\u0119 w naszym przedszkolu projekt czytelniczy: Maraton Wiosennych Bajek,w kt\u00f3rym wzi\u0119li udzia\u0142 wybrani panowie.<\/p>\n","protected":false},"author":5,"featured_media":0,"comment_status":"closed","ping_status":"closed","sticky":false,"template":"","format":"standard","meta":{"_editorskit_title_hidden":false,"_editorskit_reading_time":0,"_editorskit_is_block_options_detached":false,"_editorskit_block_options_position":"{}","rop_custom_images_group":[],"rop_custom_messages_group":[],"rop_publish_now":"initial","rop_publish_now_accounts":[],"rop_publish_now_history":[],"rop_publish_now_status":"pending","_uag_custom_page_level_css":"","site-sidebar-layout":"default","site-content-layout":"","ast-site-content-layout":"default","site-content-style":"default","site-sidebar-style":"default","ast-global-header-display":"","ast-banner-title-visibility":"","ast-main-header-display":"","ast-hfb-above-header-display":"","ast-hfb-below-header-display":"","ast-hfb-mobile-header-display":"","site-post-title":"","ast-breadcrumbs-content":"","ast-featured-img":"","footer-sml-layout":"","ast-disable-related-posts":"","theme-transparent-header-meta":"","adv-header-id-meta":"","stick-header-meta":"","header-above-stick-meta":"","header-main-stick-meta":"","header-below-stick-meta":"","astra-migrate-meta-layouts":"default","ast-page-background-enabled":"default","ast-page-background-meta":{"desktop":{"background-color":"var(--ast-global-color-5)","background-image":"","background-repeat":"repeat","background-position":"center center","background-size":"auto","background-attachment":"scroll","background-type":"","background-media":"","overlay-type":"","overlay-color":"","overlay-opacity":"","overlay-gradient":""},"tablet":{"background-color":"","background-image":"","background-repeat":"repeat","background-position":"center center","background-size":"auto","background-attachment":"scroll","background-type":"","background-media":"","overlay-type":"","overlay-color":"","overlay-opacity":"","overlay-gradient":""},"mobile":{"background-color":"","background-image":"","background-repeat":"repeat","background-position":"center center","background-size":"auto","background-attachment":"scroll","background-type":"","background-media":"","overlay-type":"","overlay-color":"","overlay-opacity":"","overlay-gradient":""}},"ast-content-background-meta":{"desktop":{"background-color":"var(--ast-global-color-4)","background-image":"","background-repeat":"repeat","background-position":"center center","background-size":"auto","background-attachment":"scroll","background-type":"","background-media":"","overlay-type":"","overlay-color":"","overlay-opacity":"","overlay-gradient":""},"tablet":{"background-color":"var(--ast-global-color-4)","background-image":"","background-repeat":"repeat","background-position":"center center","background-size":"auto","background-attachment":"scroll","background-type":"","background-media":"","overlay-type":"","overlay-color":"","overlay-opacity":"","overlay-gradient":""},"mobile":{"background-color":"var(--ast-global-color-4)","background-image":"","background-repeat":"repeat","background-position":"center center","background-size":"auto","background-attachment":"scroll","background-type":"","background-media":"","overlay-type":"","overlay-color":"","overlay-opacity":"","overlay-gradient":""}},"ngg_post_thumbnail":0,"footnotes":""},"categories":[1],"tags":[],"class_list":["post-42876","post","type-post","status-publish","format-standard","hentry","category-bez-kategorii"],"uagb_featured_image_src":{"full":false,"thumbnail":false,"medium":false,"medium_large":false,"large":false,"1536x1536":false,"2048x2048":false},"uagb_author_info":{"display_name":"Kasia","author_link":"https:\/\/sp5.pila.pl\/SP5\/author\/kasia\/"},"uagb_comment_info":0,"uagb_excerpt":"19 kwietnia zako\u0144czy\u0142 si\u0119 w naszym przedszkolu projekt czytelniczy: Maraton Wiosennych Bajek,w kt\u00f3rym wzi\u0119li udzia\u0142 wybrani panowie.","_links":{"self":[{"href":"https:\/\/sp5.pila.pl\/SP5\/wp-json\/wp\/v2\/posts\/42876","targetHints":{"allow":["GET"]}}],"collection":[{"href":"https:\/\/sp5.pila.pl\/SP5\/wp-json\/wp\/v2\/posts"}],"about":[{"href":"https:\/\/sp5.pila.pl\/SP5\/wp-json\/wp\/v2\/types\/post"}],"author":[{"embeddable":true,"href":"https:\/\/sp5.pila.pl\/SP5\/wp-json\/wp\/v2\/users\/5"}],"replies":[{"embeddable":true,"href":"https:\/\/sp5.pila.pl\/SP5\/wp-json\/wp\/v2\/comments?post=42876"}],"version-history":[{"count":5,"href":"https:\/\/sp5.pila.pl\/SP5\/wp-json\/wp\/v2\/posts\/42876\/revisions"}],"predecessor-version":[{"id":43092,"href":"https:\/\/sp5.pila.pl\/SP5\/wp-json\/wp\/v2\/posts\/42876\/revisions\/43092"}],"wp:attachment":[{"href":"https:\/\/sp5.pila.pl\/SP5\/wp-json\/wp\/v2\/media?parent=42876"}],"wp:term":[{"taxonomy":"category","embeddable":true,"href":"https:\/\/sp5.pila.pl\/SP5\/wp-json\/wp\/v2\/categories?post=42876"},{"taxonomy":"post_tag","embeddable":true,"href":"https:\/\/sp5.pila.pl\/SP5\/wp-json\/wp\/v2\/tags?post=42876"}],"curies":[{"name":"wp","href":"https:\/\/api.w.org\/{rel}","templated":true}]}}