{"id":44504,"date":"2024-06-14T14:24:13","date_gmt":"2024-06-14T12:24:13","guid":{"rendered":"https:\/\/sp5.pila.pl\/SP5\/?p=44504"},"modified":"2024-06-14T14:36:06","modified_gmt":"2024-06-14T12:36:06","slug":"spotkanie-z-niezapominajka-w-tle","status":"publish","type":"post","link":"https:\/\/sp5.pila.pl\/SP5\/2024\/06\/14\/spotkanie-z-niezapominajka-w-tle\/","title":{"rendered":"Spotkanie z niezapominajk\u0105 w tle"},"content":{"rendered":"<div style=\"text-align: justify;\">Pod koniec czerwca odby\u0142o si\u0119 spotkanie dzieci z IV oddzia\u0142u przedszkolnego i uczni\u00f3w klasy II b, kt\u00f3re nawi\u0105zywa\u0142o do obchod\u00f3w \u201eDnia Polskiej Niezapominajki&#8221;.<\/div>\n<p><!--more--><\/p>\n<div style=\"text-align: justify;\">Dzieci mia\u0142y okazj\u0119 pozna\u0107 sylwetk\u0119 pomys\u0142odawcy tego \u015bwi\u0119ta &#8211; redaktora radiowej jedynki &#8211; Andrzeja Zalewskiego oraz legend\u0119 zwi\u0105zan\u0105 z w\/w \u015bwi\u0119tem. Zach\u0119ci\u0142o to dzieci i uczni\u00f3w do dzia\u0142ania, czyli wykonania pi\u0119ciu zada\u0144, gdy\u017c niezapominajka ma pi\u0119\u0107 p\u0142atk\u00f3w. Dzieci rozpozna\u0142y i nazwa\u0142y wiosenne kwiaty, om\u00f3wi\u0142y sytuacje przedstawione na ilustracjach, dotycz\u0105ce zasad dobrego wychowania, dopasowa\u0142y do nich w\u0142a\u015bciwe zdania, wyja\u015bni\u0142y znaczenie zwrot\u00f3w grzeczno\u015bciowych, zapami\u0119ta\u0142y u\u0142o\u017cenie zabawek, poszuka\u0142y skojarze\u0144 do koloru niebieskiego. Ka\u017cde zadanie by\u0142o punktowane jednym p\u0142atkiem niezapominajki, kt\u00f3ry liderzy przyklejali&nbsp;&nbsp;na arkuszu papieru, wok\u00f3\u0142 zielonej \u0142odygi. Tym sposobem na kartce pojawi\u0142 si\u0119 kwiatek niezapominajki. Dzieci otrzyma\u0142y dodatkowe zadanie wykonania pracy plastycznej przestawiaj\u0105cej kwietn\u0105 \u0142\u0105k\u0119 z &#8222;niezapominajk\u0105 w roli g\u0142\u00f3wnej&#8221;. Prace zosta\u0142y zaprezentowane przed spo\u0142eczno\u015bci\u0105 szkoln\u0105 w holu budynku na Niepodleg\u0142o\u015bci.<\/div>\n<div>Zach\u0119camy do kultywowania naszego polskiego \u015bwi\u0119ta, kt\u00f3re \u0142\u0105czy w sobie trosk\u0119 dbania o przyrod\u0119 z pami\u0119ci\u0105 o wa\u017cnych dla nas osobach i zdarzeniach.<\/div>\n<div style=\"text-align: center;\"><a href=\"https:\/\/sp5.pila.pl\/SP5\/galeria-2023-24\/nggallery\/album\/2024-6-14-spotkanie-z-niezapominajka-w-tle\">&gt;&gt;zobacz zdj\u0119cia&lt;&lt;<\/a><\/div>\n<div>&nbsp;<\/div>\n<div style=\"text-align: right;\">Izabela Baraniak i Ma\u0142gorzata Prus<\/div>\n<p>&nbsp;<\/p>\n<p>&nbsp;<\/p>\n<div>&nbsp;<\/div>\n","protected":false},"excerpt":{"rendered":"<p>Pod koniec czerwca odby\u0142o si\u0119 spotkanie dzieci z IV oddzia\u0142u przedszkolnego i uczni\u00f3w klasy II b, kt\u00f3re nawi\u0105zywa\u0142o do obchod\u00f3w [&hellip;]<\/p>\n","protected":false},"author":5,"featured_media":0,"comment_status":"closed","ping_status":"closed","sticky":false,"template":"","format":"standard","meta":{"_editorskit_title_hidden":false,"_editorskit_reading_time":0,"_editorskit_is_block_options_detached":false,"_editorskit_block_options_position":"{}","rop_custom_images_group":[],"rop_custom_messages_group":[],"rop_publish_now":"initial","rop_publish_now_accounts":[],"rop_publish_now_history":[],"rop_publish_now_status":"pending","_uag_custom_page_level_css":"","site-sidebar-layout":"default","site-content-layout":"","ast-site-content-layout":"default","site-content-style":"default","site-sidebar-style":"default","ast-global-header-display":"","ast-banner-title-visibility":"","ast-main-header-display":"","ast-hfb-above-header-display":"","ast-hfb-below-header-display":"","ast-hfb-mobile-header-display":"","site-post-title":"","ast-breadcrumbs-content":"","ast-featured-img":"","footer-sml-layout":"","ast-disable-related-posts":"","theme-transparent-header-meta":"","adv-header-id-meta":"","stick-header-meta":"","header-above-stick-meta":"","header-main-stick-meta":"","header-below-stick-meta":"","astra-migrate-meta-layouts":"default","ast-page-background-enabled":"default","ast-page-background-meta":{"desktop":{"background-color":"var(--ast-global-color-5)","background-image":"","background-repeat":"repeat","background-position":"center center","background-size":"auto","background-attachment":"scroll","background-type":"","background-media":"","overlay-type":"","overlay-color":"","overlay-opacity":"","overlay-gradient":""},"tablet":{"background-color":"","background-image":"","background-repeat":"repeat","background-position":"center center","background-size":"auto","background-attachment":"scroll","background-type":"","background-media":"","overlay-type":"","overlay-color":"","overlay-opacity":"","overlay-gradient":""},"mobile":{"background-color":"","background-image":"","background-repeat":"repeat","background-position":"center center","background-size":"auto","background-attachment":"scroll","background-type":"","background-media":"","overlay-type":"","overlay-color":"","overlay-opacity":"","overlay-gradient":""}},"ast-content-background-meta":{"desktop":{"background-color":"var(--ast-global-color-4)","background-image":"","background-repeat":"repeat","background-position":"center center","background-size":"auto","background-attachment":"scroll","background-type":"","background-media":"","overlay-type":"","overlay-color":"","overlay-opacity":"","overlay-gradient":""},"tablet":{"background-color":"var(--ast-global-color-4)","background-image":"","background-repeat":"repeat","background-position":"center center","background-size":"auto","background-attachment":"scroll","background-type":"","background-media":"","overlay-type":"","overlay-color":"","overlay-opacity":"","overlay-gradient":""},"mobile":{"background-color":"var(--ast-global-color-4)","background-image":"","background-repeat":"repeat","background-position":"center center","background-size":"auto","background-attachment":"scroll","background-type":"","background-media":"","overlay-type":"","overlay-color":"","overlay-opacity":"","overlay-gradient":""}},"ngg_post_thumbnail":0,"footnotes":""},"categories":[1],"tags":[],"class_list":["post-44504","post","type-post","status-publish","format-standard","hentry","category-bez-kategorii"],"uagb_featured_image_src":{"full":false,"thumbnail":false,"medium":false,"medium_large":false,"large":false,"1536x1536":false,"2048x2048":false},"uagb_author_info":{"display_name":"Kasia","author_link":"https:\/\/sp5.pila.pl\/SP5\/author\/kasia\/"},"uagb_comment_info":0,"uagb_excerpt":"Pod koniec czerwca odby\u0142o si\u0119 spotkanie dzieci z IV oddzia\u0142u przedszkolnego i uczni\u00f3w klasy II b, kt\u00f3re nawi\u0105zywa\u0142o do obchod\u00f3w [&hellip;]","_links":{"self":[{"href":"https:\/\/sp5.pila.pl\/SP5\/wp-json\/wp\/v2\/posts\/44504","targetHints":{"allow":["GET"]}}],"collection":[{"href":"https:\/\/sp5.pila.pl\/SP5\/wp-json\/wp\/v2\/posts"}],"about":[{"href":"https:\/\/sp5.pila.pl\/SP5\/wp-json\/wp\/v2\/types\/post"}],"author":[{"embeddable":true,"href":"https:\/\/sp5.pila.pl\/SP5\/wp-json\/wp\/v2\/users\/5"}],"replies":[{"embeddable":true,"href":"https:\/\/sp5.pila.pl\/SP5\/wp-json\/wp\/v2\/comments?post=44504"}],"version-history":[{"count":4,"href":"https:\/\/sp5.pila.pl\/SP5\/wp-json\/wp\/v2\/posts\/44504\/revisions"}],"predecessor-version":[{"id":44515,"href":"https:\/\/sp5.pila.pl\/SP5\/wp-json\/wp\/v2\/posts\/44504\/revisions\/44515"}],"wp:attachment":[{"href":"https:\/\/sp5.pila.pl\/SP5\/wp-json\/wp\/v2\/media?parent=44504"}],"wp:term":[{"taxonomy":"category","embeddable":true,"href":"https:\/\/sp5.pila.pl\/SP5\/wp-json\/wp\/v2\/categories?post=44504"},{"taxonomy":"post_tag","embeddable":true,"href":"https:\/\/sp5.pila.pl\/SP5\/wp-json\/wp\/v2\/tags?post=44504"}],"curies":[{"name":"wp","href":"https:\/\/api.w.org\/{rel}","templated":true}]}}