{"id":46551,"date":"2024-10-29T15:37:42","date_gmt":"2024-10-29T14:37:42","guid":{"rendered":"https:\/\/sp5.pila.pl\/SP5\/?p=46551"},"modified":"2024-10-30T15:19:38","modified_gmt":"2024-10-30T14:19:38","slug":"konkurs-ej-to-nie-zart-to-jest-przemoc","status":"publish","type":"post","link":"https:\/\/sp5.pila.pl\/SP5\/2024\/10\/29\/konkurs-ej-to-nie-zart-to-jest-przemoc\/","title":{"rendered":"Konkurs: Ej, to nie \u017cart. To jest przemoc."},"content":{"rendered":"<p style=\"text-align: center;\"><strong><em><u><a href=\"https:\/\/sp5.pila.pl\/SP5\/wp-content\/uploads\/Po-drugie.png\"><img loading=\"lazy\" decoding=\"async\" class=\"alignleft size-full wp-image-46552\" src=\"https:\/\/sp5.pila.pl\/SP5\/wp-content\/uploads\/Po-drugie.png\" alt=\"\" width=\"262\" height=\"182\"><\/a>Konkurs dla klas 4-8<\/u><\/em><\/strong><\/p>\n<p style=\"text-align: center;\">Przedmiotem konkursu jest projekt plakatu&nbsp; w ramach Kampanii<br \/>\n19 dni przeciwko przemocy i krzywdzeniu dzieci&nbsp; i m\u0142odzie\u017cy.<br \/>\nDo udzia\u0142u w tej kampanii nasza szko\u0142a w\u0142\u0105cza si\u0119 po raz trzeci.<\/p>\n<p style=\"text-align: center;\">Has\u0142o przewodnie tegorocznej Kampanii&nbsp;<br \/>\n<strong>19 dni przeciwko przemocy i krzywdzeniu dzieci&nbsp;<\/strong>brzmi:<\/p>\n<p style=\"text-align: center;\"><span style=\"color: #ff6600;\"><strong>&nbsp; &nbsp; &nbsp; &nbsp; &nbsp; &nbsp; &nbsp; &nbsp; &nbsp; &nbsp; &nbsp; &nbsp; &nbsp; &nbsp; &nbsp; &nbsp; &nbsp; &nbsp; &nbsp; &nbsp; &nbsp; &nbsp; &nbsp; &nbsp; &nbsp; &nbsp; &nbsp; &nbsp; &nbsp; &nbsp; &nbsp; &nbsp; &nbsp; &nbsp; &nbsp; &nbsp; Ej, to nie \u017cart. To jest przemoc.<\/strong><\/span><\/p>\n<p><!--more--><\/p>\n<p style=\"text-align: center;\"><span style=\"color: #339966;\"><strong>B\u0105d\u017a cz\u0119\u015bci\u0105 zmiany &#8211; Nie toleruj przemocy.<\/strong><\/span><\/p>\n<p style=\"text-align: center;\"><span style=\"color: #339966;\"><strong>Powiedz STOP \u017cartom, kt\u00f3re rani\u0105!<\/strong><\/span><\/p>\n<p style=\"text-align: center;\"><em>Zadaniem uczni\u00f3w jest wykonanie:<\/em><\/p>\n<ul style=\"text-align: center;\">\n<li><em>Plakatu pod has\u0142em: \u201eEj, to nie \u017cart. To jest przemoc\u201d, kt\u00f3ry ma <\/em>zwr\u00f3ci\u0107 uwag\u0119 na zagro\u017cenia wynikaj\u0105ce z niezrozumienia, braku wiedzy, \u017ce nie ka\u017cdy \u017cart, nie ka\u017cda &#8222;\u015bmieszna&#8221; sytuacja jest w porz\u0105dku. Niekt\u00f3re &#8222;pranki&#8221;, dowcipy, wpisy, zdj\u0119cia, filmiki wrzucane do sieci czy przekazywane sobie w telefonach mog\u0105 rani\u0107, powodowa\u0107 b\u00f3l i prowadzi\u0107 do powa\u017cnych konsekwencji.<em>&nbsp;<\/em><\/li>\n<\/ul>\n<p style=\"text-align: center;\"><em>Prace wykonujecie w domu i przynosicie je do gabinetu pedagoga p. Pauliny Zieli\u0144skiej do 14.11.2024r.<\/em><\/p>\n<p style=\"text-align: center;\"><em>Ocena prac odb\u0119dzie si\u0119 15.11.2024r.<\/em><\/p>\n<p style=\"text-align: center;\"><em>Prace zostan\u0105 wykorzystane do stworzenia edukacyjnej prezentacji na terenie szko\u0142y.<\/em><\/p>\n<p style=\"text-align: center;\"><em>Przewidziano r\u00f3wnie\u017c nagrody dla tw\u00f3rc\u00f3w najciekawszych plakat\u00f3w.<\/em><\/p>\n<p style=\"text-align: center;\"><em>&nbsp;&nbsp;&nbsp;&nbsp;&nbsp;&nbsp;&nbsp;&nbsp;&nbsp;&nbsp;&nbsp;&nbsp;&nbsp;&nbsp;&nbsp;&nbsp;&nbsp;&nbsp;&nbsp;&nbsp;&nbsp;&nbsp;&nbsp;&nbsp;&nbsp;&nbsp;&nbsp;&nbsp;&nbsp; Serdecznie zach\u0119cam do udzia\u0142u w konkursie. <\/em><\/p>\n<p style=\"text-align: center;\"><em>Organizator:<\/em><\/p>\n<p style=\"text-align: center;\"><em>&nbsp; &nbsp; &nbsp; &nbsp; &nbsp; &nbsp; &nbsp; &nbsp; &nbsp; &nbsp; &nbsp; &nbsp; &nbsp; &nbsp; &nbsp; &nbsp; &nbsp; &nbsp; &nbsp; &nbsp; &nbsp; &nbsp; &nbsp; &nbsp; &nbsp; &nbsp; &nbsp; &nbsp; &nbsp; &nbsp; &nbsp; &nbsp; &nbsp; &nbsp; &nbsp; &nbsp; &nbsp; &nbsp; &nbsp; &nbsp; &nbsp;Paulina Zieli\u0144ska \u2013 pedagog szkolny<\/em><\/p>\n","protected":false},"excerpt":{"rendered":"<p>Konkurs dla klas 4-8 Przedmiotem konkursu jest projekt plakatu&nbsp; w ramach Kampanii 19 dni przeciwko przemocy i krzywdzeniu dzieci&nbsp; i [&hellip;]<\/p>\n","protected":false},"author":1,"featured_media":0,"comment_status":"closed","ping_status":"closed","sticky":false,"template":"","format":"standard","meta":{"_editorskit_title_hidden":false,"_editorskit_reading_time":0,"_editorskit_is_block_options_detached":false,"_editorskit_block_options_position":"{}","rop_custom_images_group":[],"rop_custom_messages_group":[],"rop_publish_now":"initial","rop_publish_now_accounts":[],"rop_publish_now_history":[],"rop_publish_now_status":"pending","_uag_custom_page_level_css":"","site-sidebar-layout":"default","site-content-layout":"","ast-site-content-layout":"default","site-content-style":"default","site-sidebar-style":"default","ast-global-header-display":"","ast-banner-title-visibility":"","ast-main-header-display":"","ast-hfb-above-header-display":"","ast-hfb-below-header-display":"","ast-hfb-mobile-header-display":"","site-post-title":"","ast-breadcrumbs-content":"","ast-featured-img":"","footer-sml-layout":"","ast-disable-related-posts":"","theme-transparent-header-meta":"","adv-header-id-meta":"","stick-header-meta":"","header-above-stick-meta":"","header-main-stick-meta":"","header-below-stick-meta":"","astra-migrate-meta-layouts":"default","ast-page-background-enabled":"default","ast-page-background-meta":{"desktop":{"background-color":"var(--ast-global-color-5)","background-image":"","background-repeat":"repeat","background-position":"center center","background-size":"auto","background-attachment":"scroll","background-type":"","background-media":"","overlay-type":"","overlay-color":"","overlay-opacity":"","overlay-gradient":""},"tablet":{"background-color":"","background-image":"","background-repeat":"repeat","background-position":"center center","background-size":"auto","background-attachment":"scroll","background-type":"","background-media":"","overlay-type":"","overlay-color":"","overlay-opacity":"","overlay-gradient":""},"mobile":{"background-color":"","background-image":"","background-repeat":"repeat","background-position":"center center","background-size":"auto","background-attachment":"scroll","background-type":"","background-media":"","overlay-type":"","overlay-color":"","overlay-opacity":"","overlay-gradient":""}},"ast-content-background-meta":{"desktop":{"background-color":"var(--ast-global-color-4)","background-image":"","background-repeat":"repeat","background-position":"center center","background-size":"auto","background-attachment":"scroll","background-type":"","background-media":"","overlay-type":"","overlay-color":"","overlay-opacity":"","overlay-gradient":""},"tablet":{"background-color":"var(--ast-global-color-4)","background-image":"","background-repeat":"repeat","background-position":"center center","background-size":"auto","background-attachment":"scroll","background-type":"","background-media":"","overlay-type":"","overlay-color":"","overlay-opacity":"","overlay-gradient":""},"mobile":{"background-color":"var(--ast-global-color-4)","background-image":"","background-repeat":"repeat","background-position":"center center","background-size":"auto","background-attachment":"scroll","background-type":"","background-media":"","overlay-type":"","overlay-color":"","overlay-opacity":"","overlay-gradient":""}},"ngg_post_thumbnail":0,"footnotes":""},"categories":[1],"tags":[],"class_list":["post-46551","post","type-post","status-publish","format-standard","hentry","category-bez-kategorii"],"uagb_featured_image_src":{"full":false,"thumbnail":false,"medium":false,"medium_large":false,"large":false,"1536x1536":false,"2048x2048":false},"uagb_author_info":{"display_name":"PMT","author_link":"https:\/\/sp5.pila.pl\/SP5\/author\/ludi\/"},"uagb_comment_info":0,"uagb_excerpt":"Konkurs dla klas 4-8 Przedmiotem konkursu jest projekt plakatu&nbsp; w ramach Kampanii 19 dni przeciwko przemocy i krzywdzeniu dzieci&nbsp; i [&hellip;]","_links":{"self":[{"href":"https:\/\/sp5.pila.pl\/SP5\/wp-json\/wp\/v2\/posts\/46551","targetHints":{"allow":["GET"]}}],"collection":[{"href":"https:\/\/sp5.pila.pl\/SP5\/wp-json\/wp\/v2\/posts"}],"about":[{"href":"https:\/\/sp5.pila.pl\/SP5\/wp-json\/wp\/v2\/types\/post"}],"author":[{"embeddable":true,"href":"https:\/\/sp5.pila.pl\/SP5\/wp-json\/wp\/v2\/users\/1"}],"replies":[{"embeddable":true,"href":"https:\/\/sp5.pila.pl\/SP5\/wp-json\/wp\/v2\/comments?post=46551"}],"version-history":[{"count":7,"href":"https:\/\/sp5.pila.pl\/SP5\/wp-json\/wp\/v2\/posts\/46551\/revisions"}],"predecessor-version":[{"id":46565,"href":"https:\/\/sp5.pila.pl\/SP5\/wp-json\/wp\/v2\/posts\/46551\/revisions\/46565"}],"wp:attachment":[{"href":"https:\/\/sp5.pila.pl\/SP5\/wp-json\/wp\/v2\/media?parent=46551"}],"wp:term":[{"taxonomy":"category","embeddable":true,"href":"https:\/\/sp5.pila.pl\/SP5\/wp-json\/wp\/v2\/categories?post=46551"},{"taxonomy":"post_tag","embeddable":true,"href":"https:\/\/sp5.pila.pl\/SP5\/wp-json\/wp\/v2\/tags?post=46551"}],"curies":[{"name":"wp","href":"https:\/\/api.w.org\/{rel}","templated":true}]}}