{"id":4788,"date":"2018-09-17T09:30:24","date_gmt":"2018-09-17T07:30:24","guid":{"rendered":"http:\/\/sp5.pila.pl\/SP5\/?p=4788"},"modified":"2018-09-19T10:12:35","modified_gmt":"2018-09-19T08:12:35","slug":"co-to-jest-przyroda","status":"publish","type":"post","link":"https:\/\/sp5.pila.pl\/SP5\/2018\/09\/17\/co-to-jest-przyroda\/","title":{"rendered":"Co to jest przyroda?"},"content":{"rendered":"<p style=\"text-align: justify;\"><img loading=\"lazy\" decoding=\"async\" class=\"alignnone wp-image-4789 alignleft\" src=\"https:\/\/sp5.pila.pl\/SP5\/wp-content\/uploads\/przyrodnik-na-ulotkc499.jpg\" alt=\"\" width=\"311\" height=\"195\" srcset=\"https:\/\/sp5.pila.pl\/SP5\/wp-content\/uploads\/przyrodnik-na-ulotkc499.jpg 1092w, https:\/\/sp5.pila.pl\/SP5\/wp-content\/uploads\/przyrodnik-na-ulotkc499-300x188.jpg 300w, https:\/\/sp5.pila.pl\/SP5\/wp-content\/uploads\/przyrodnik-na-ulotkc499-768x482.jpg 768w, https:\/\/sp5.pila.pl\/SP5\/wp-content\/uploads\/przyrodnik-na-ulotkc499-1024x642.jpg 1024w, https:\/\/sp5.pila.pl\/SP5\/wp-content\/uploads\/przyrodnik-na-ulotkc499-655x411.jpg 655w\" sizes=\"auto, (max-width: 311px) 100vw, 311px\" \/>W ramach realizacji innowacji pedagogicznej \u201ePrzyroda i ja\u201d w poniedzia\u0142ek 17 wrze\u015bnia uczniowie klasy I B z wychowawczyni\u0105 Barbar\u0105 Kukli\u0144sk\u0105 udali si\u0119 na lekcj\u0119 z edukacji przyrodniczej do Parku Miejskiego. Uczniowie nie mieli problemu z okre\u015bleniem, co to jest park i jak nale\u017cy si\u0119 zachowywa\u0107 w takim miejscu. Pierwszoklasi\u015bci zabrali ze sob\u0105 lupy, kartki papieru i o\u0142\u00f3wki w celu dokonania swoich pierwszych do\u015bwiadcze\u0144 przyrodniczych. Podj\u0119li r\u00f3wnie\u017c pr\u00f3b\u0119 odpowiedzi na pytanie \u201eCo to jest przyroda?\u201d, bo taki w\u0142a\u015bnie by\u0142 temat zaj\u0119\u0107. Nast\u0119pnie podzielili przyrod\u0119 na o\u017cywion\u0105 i nieo\u017cywion\u0105. W dyskusji niekt\u00f3rzy pierwszoklasi\u015bci wykazali si\u0119 du\u017c\u0105 wiedz\u0105 przyrodnicz\u0105. Uczniowie obserwowali w powi\u0119kszeniu kor\u0119 drzew, chodz\u0105ce owady, traw\u0119 i mech. Nast\u0119pnie przyst\u0105pili do odrysowywania kory r\u00f3\u017cnych drzew. Dzieci samodzielnie dokonywa\u0142y wyboru drzewa i z dok\u0142adn\u0105 precyzj\u0105 odrysowywa\u0142y wzorki. Rezultatem by\u0142y bardzo ciekawe kompozycje. Uczniowie stwierdzili, \u017ce \u0142atwiej im pracowa\u0107 z delikatn\u0105 i cienk\u0105 kor\u0105 ni\u017c grub\u0105 i mocno pokarbowan\u0105. Z zainteresowaniem ogl\u0105da\u0142y drzewa, na kt\u00f3rych widnia\u0142 napis pomnik przyrody. Pierwszoklasi\u015bci okazali si\u0119 doskona\u0142ymi obserwatorami i przyjaci\u00f3\u0142mi przyrody. Obiecali szanowa\u0107 i chroni\u0107 nie tylko drzewa, ale r\u00f3wnie\u017c wszystko, co zwi\u0105zane jest z otaczaj\u0105ca nas przyrod\u0105.<\/p>\n<p>&nbsp;&nbsp;&nbsp;&nbsp;&nbsp;&nbsp;&nbsp;&nbsp;&nbsp;&nbsp;&nbsp;&nbsp;&nbsp;&nbsp;&nbsp;&nbsp;&nbsp;&nbsp;&nbsp;&nbsp;&nbsp;&nbsp;&nbsp;&nbsp;&nbsp;&nbsp;&nbsp;&nbsp;&nbsp;&nbsp;&nbsp;&nbsp;&nbsp;&nbsp;&nbsp;&nbsp;&nbsp;&nbsp;&nbsp;&nbsp;&nbsp;&nbsp;&nbsp;&nbsp;&nbsp;&nbsp;&nbsp;&nbsp;&nbsp;&nbsp;&nbsp;&nbsp;&nbsp;&nbsp;&nbsp;&nbsp;&nbsp;&nbsp;&nbsp;&nbsp;&nbsp;&nbsp;&nbsp;&nbsp;&nbsp;&nbsp;&nbsp;&nbsp;&nbsp;&nbsp;&nbsp;&nbsp;&nbsp;&nbsp;&nbsp;&nbsp;&nbsp;&nbsp;&nbsp;&nbsp;&nbsp;&nbsp;&nbsp;&nbsp;&nbsp;&nbsp;&nbsp;&nbsp;&nbsp;&nbsp;&nbsp;&nbsp;&nbsp;&nbsp;&nbsp;&nbsp;&nbsp;&nbsp;&nbsp;&nbsp;&nbsp;&nbsp;&nbsp;&nbsp;&nbsp;&nbsp;&nbsp;&nbsp;&nbsp;&nbsp;&nbsp;&nbsp;&nbsp;&nbsp;&nbsp;&nbsp;&nbsp;&nbsp;&nbsp;&nbsp;&nbsp;&nbsp;&nbsp;&nbsp;&nbsp;&nbsp;&nbsp;&nbsp;&nbsp;&nbsp;&nbsp;&nbsp;&nbsp;&nbsp;&nbsp;&nbsp;&nbsp;&nbsp;&nbsp;&nbsp;&nbsp;&nbsp;&nbsp;&nbsp;&nbsp;&nbsp;&nbsp;&nbsp;&nbsp;&nbsp;&nbsp;&nbsp;&nbsp;&nbsp;&nbsp;&nbsp;&nbsp;&nbsp;&nbsp;&nbsp;&nbsp;&nbsp;&nbsp;&nbsp;&nbsp;&nbsp;&nbsp;&nbsp;&nbsp;&nbsp;&nbsp;&nbsp;&nbsp;&nbsp;&nbsp;&nbsp;&nbsp;&nbsp;&nbsp;&nbsp;&nbsp;&nbsp;&nbsp;&nbsp;&nbsp;&nbsp;&nbsp;&nbsp;&nbsp;&nbsp;&nbsp;&nbsp;&nbsp;&nbsp;&nbsp;&nbsp;&nbsp;&nbsp;&nbsp;&nbsp;&nbsp;&nbsp;&nbsp;&nbsp;&nbsp;&nbsp;&nbsp;&nbsp;&nbsp;&nbsp;&nbsp;&nbsp;&nbsp;&nbsp;&nbsp;&nbsp; B. Kukli\u0144ska<\/p>\n<p style=\"text-align: center;\">&nbsp;&nbsp; <a href=\"https:\/\/sp5.pila.pl\/SP5\/galeria-2018-2019\/nggallery\/rok-szkolny-2018-2019\/2018-09-17-I-b-w-parku\">&gt;&gt;zobacz zdj\u0119cia&lt;&lt;<\/a>&nbsp;&nbsp;&nbsp;&nbsp;&nbsp;&nbsp;&nbsp;&nbsp;&nbsp;&nbsp;&nbsp;&nbsp;&nbsp;&nbsp;&nbsp;&nbsp;&nbsp;&nbsp;&nbsp;&nbsp;&nbsp;&nbsp;&nbsp;&nbsp;&nbsp;&nbsp;&nbsp;<\/p>\n","protected":false},"excerpt":{"rendered":"<p>W ramach realizacji innowacji pedagogicznej \u201ePrzyroda i ja\u201d w poniedzia\u0142ek 17 wrze\u015bnia uczniowie klasy I B z wychowawczyni\u0105 Barbar\u0105 Kukli\u0144sk\u0105 [&hellip;]<\/p>\n","protected":false},"author":5,"featured_media":0,"comment_status":"closed","ping_status":"closed","sticky":false,"template":"","format":"standard","meta":{"_editorskit_title_hidden":false,"_editorskit_reading_time":0,"_editorskit_is_block_options_detached":false,"_editorskit_block_options_position":"{}","rop_custom_images_group":[],"rop_custom_messages_group":[],"rop_publish_now":"initial","rop_publish_now_accounts":[],"rop_publish_now_history":[],"rop_publish_now_status":"pending","_uag_custom_page_level_css":"","site-sidebar-layout":"default","site-content-layout":"","ast-site-content-layout":"default","site-content-style":"default","site-sidebar-style":"default","ast-global-header-display":"","ast-banner-title-visibility":"","ast-main-header-display":"","ast-hfb-above-header-display":"","ast-hfb-below-header-display":"","ast-hfb-mobile-header-display":"","site-post-title":"","ast-breadcrumbs-content":"","ast-featured-img":"","footer-sml-layout":"","ast-disable-related-posts":"","theme-transparent-header-meta":"","adv-header-id-meta":"","stick-header-meta":"","header-above-stick-meta":"","header-main-stick-meta":"","header-below-stick-meta":"","astra-migrate-meta-layouts":"default","ast-page-background-enabled":"default","ast-page-background-meta":{"desktop":{"background-color":"var(--ast-global-color-5)","background-image":"","background-repeat":"repeat","background-position":"center center","background-size":"auto","background-attachment":"scroll","background-type":"","background-media":"","overlay-type":"","overlay-color":"","overlay-opacity":"","overlay-gradient":""},"tablet":{"background-color":"","background-image":"","background-repeat":"repeat","background-position":"center center","background-size":"auto","background-attachment":"scroll","background-type":"","background-media":"","overlay-type":"","overlay-color":"","overlay-opacity":"","overlay-gradient":""},"mobile":{"background-color":"","background-image":"","background-repeat":"repeat","background-position":"center center","background-size":"auto","background-attachment":"scroll","background-type":"","background-media":"","overlay-type":"","overlay-color":"","overlay-opacity":"","overlay-gradient":""}},"ast-content-background-meta":{"desktop":{"background-color":"var(--ast-global-color-4)","background-image":"","background-repeat":"repeat","background-position":"center center","background-size":"auto","background-attachment":"scroll","background-type":"","background-media":"","overlay-type":"","overlay-color":"","overlay-opacity":"","overlay-gradient":""},"tablet":{"background-color":"var(--ast-global-color-4)","background-image":"","background-repeat":"repeat","background-position":"center center","background-size":"auto","background-attachment":"scroll","background-type":"","background-media":"","overlay-type":"","overlay-color":"","overlay-opacity":"","overlay-gradient":""},"mobile":{"background-color":"var(--ast-global-color-4)","background-image":"","background-repeat":"repeat","background-position":"center center","background-size":"auto","background-attachment":"scroll","background-type":"","background-media":"","overlay-type":"","overlay-color":"","overlay-opacity":"","overlay-gradient":""}},"ngg_post_thumbnail":0,"footnotes":""},"categories":[1],"tags":[],"class_list":["post-4788","post","type-post","status-publish","format-standard","hentry","category-bez-kategorii"],"uagb_featured_image_src":{"full":false,"thumbnail":false,"medium":false,"medium_large":false,"large":false,"1536x1536":false,"2048x2048":false},"uagb_author_info":{"display_name":"Kasia","author_link":"https:\/\/sp5.pila.pl\/SP5\/author\/kasia\/"},"uagb_comment_info":0,"uagb_excerpt":"W ramach realizacji innowacji pedagogicznej \u201ePrzyroda i ja\u201d w poniedzia\u0142ek 17 wrze\u015bnia uczniowie klasy I B z wychowawczyni\u0105 Barbar\u0105 Kukli\u0144sk\u0105 [&hellip;]","_links":{"self":[{"href":"https:\/\/sp5.pila.pl\/SP5\/wp-json\/wp\/v2\/posts\/4788","targetHints":{"allow":["GET"]}}],"collection":[{"href":"https:\/\/sp5.pila.pl\/SP5\/wp-json\/wp\/v2\/posts"}],"about":[{"href":"https:\/\/sp5.pila.pl\/SP5\/wp-json\/wp\/v2\/types\/post"}],"author":[{"embeddable":true,"href":"https:\/\/sp5.pila.pl\/SP5\/wp-json\/wp\/v2\/users\/5"}],"replies":[{"embeddable":true,"href":"https:\/\/sp5.pila.pl\/SP5\/wp-json\/wp\/v2\/comments?post=4788"}],"version-history":[{"count":8,"href":"https:\/\/sp5.pila.pl\/SP5\/wp-json\/wp\/v2\/posts\/4788\/revisions"}],"predecessor-version":[{"id":4832,"href":"https:\/\/sp5.pila.pl\/SP5\/wp-json\/wp\/v2\/posts\/4788\/revisions\/4832"}],"wp:attachment":[{"href":"https:\/\/sp5.pila.pl\/SP5\/wp-json\/wp\/v2\/media?parent=4788"}],"wp:term":[{"taxonomy":"category","embeddable":true,"href":"https:\/\/sp5.pila.pl\/SP5\/wp-json\/wp\/v2\/categories?post=4788"},{"taxonomy":"post_tag","embeddable":true,"href":"https:\/\/sp5.pila.pl\/SP5\/wp-json\/wp\/v2\/tags?post=4788"}],"curies":[{"name":"wp","href":"https:\/\/api.w.org\/{rel}","templated":true}]}}