{"id":50898,"date":"2025-03-25T10:44:37","date_gmt":"2025-03-25T09:44:37","guid":{"rendered":"https:\/\/sp5.pila.pl\/SP5\/?p=50898"},"modified":"2025-04-24T10:49:37","modified_gmt":"2025-04-24T08:49:37","slug":"konkurs-kapelusz-wianek-pani-wiosny","status":"publish","type":"post","link":"https:\/\/sp5.pila.pl\/SP5\/2025\/03\/25\/konkurs-kapelusz-wianek-pani-wiosny\/","title":{"rendered":"Konkurs &#8222;Kapelusz\/wianek Pani Wiosny&#8221;"},"content":{"rendered":"<p><img loading=\"lazy\" decoding=\"async\" class=\"wp-image-50899 alignleft\" src=\"https:\/\/sp5.pila.pl\/SP5\/wp-content\/uploads\/wiosna-1.jpg\" alt=\"\" width=\"191\" height=\"148\">25 marca&nbsp; w naszej szkole odby\u0142 si\u0119 konkurs plastyczny ,, Kapelusz\/wianek Pani Wiosny&#8221; skierowany do uczni\u00f3w klas I-III.<!--more--><\/p>\n<p>Celem konkursu by\u0142o rozwijanie kreatywno\u015bci i wyobra\u017ani dzieci, a tak\u017ce kszta\u0142towanie wra\u017cliwo\u015bci estetycznej. Zadaniem uczestnik\u00f3w by\u0142o zaprojektowanie kapelusza lub wianka dla Pani Wiosny z wykorzystaniem dowolnych technik plastycznych. Dzieci wykaza\u0142y si\u0119 ogromn\u0105 pomys\u0142owo\u015bci\u0105, a ka\u017cda praca by\u0142a wyj\u0105tkowa i odzwierciedla\u0142a wiosenny nastr\u00f3j.<\/p>\n<p>Wyniki konkursu<\/p>\n<p><strong>Kategoria klas I<\/strong><\/p>\n<p>I miejsce &#8211; Liliana Mr\u00f3wczy\u0144ska kl. I C<\/p>\n<p>II miejsce- Nikola Guse kl. I D<\/p>\n<p>III miejsce- Oskar Kafka kl. I B<\/p>\n<p><strong><u>Wyr\u00f3\u017cnienia<\/u><\/strong><\/p>\n<p>Pola Wienke-kl. I C<\/p>\n<p>Anastazja Sieradzka-kl. I B<\/p>\n<p>&nbsp;<\/p>\n<p><strong>Kategoria klas II<\/strong><\/p>\n<p>I miejsce- Zofia Kieruj-kl. II D<\/p>\n<p>II miejsce- Igor Ko\u0144czal II D<\/p>\n<p>III miejsce &#8211; Lilia Zg\u00f3rska kl. II B<\/p>\n<p><strong><u>Wyr\u00f3\u017cnienie<\/u><\/strong><\/p>\n<p>Julia Szcz\u0119snowicz-kl. II D<\/p>\n<p style=\"text-align: center;\">&gt;&gt;zobacz zdj\u0119cia&lt;&lt;<\/p>\n<p style=\"text-align: right;\">&nbsp;&nbsp;&nbsp;&nbsp;&nbsp;&nbsp;&nbsp;&nbsp;&nbsp;&nbsp;&nbsp;&nbsp;&nbsp;&nbsp;&nbsp;&nbsp;&nbsp;&nbsp;&nbsp;&nbsp;&nbsp;&nbsp;&nbsp;&nbsp;&nbsp;&nbsp;&nbsp;&nbsp;&nbsp;&nbsp;&nbsp;&nbsp;&nbsp;&nbsp;&nbsp;&nbsp;&nbsp;&nbsp;&nbsp;&nbsp;&nbsp;&nbsp;&nbsp;&nbsp;&nbsp;&nbsp;&nbsp;&nbsp;&nbsp;&nbsp;&nbsp;&nbsp;&nbsp;&nbsp;&nbsp;&nbsp;&nbsp;&nbsp;&nbsp;&nbsp;&nbsp;&nbsp;&nbsp;&nbsp;&nbsp;&nbsp;&nbsp;&nbsp;&nbsp;&nbsp;&nbsp;&nbsp;&nbsp;&nbsp;&nbsp;&nbsp;&nbsp;&nbsp;&nbsp;&nbsp;&nbsp;&nbsp;&nbsp;&nbsp;&nbsp;&nbsp;&nbsp;&nbsp;&nbsp;&nbsp;&nbsp;&nbsp;&nbsp;&nbsp;&nbsp;&nbsp;&nbsp;&nbsp;&nbsp;&nbsp;&nbsp;&nbsp;&nbsp;&nbsp;&nbsp;&nbsp;&nbsp;&nbsp;&nbsp;&nbsp;&nbsp;&nbsp;&nbsp;&nbsp;&nbsp;&nbsp;&nbsp;&nbsp;&nbsp;&nbsp;&nbsp;&nbsp;&nbsp;&nbsp; K.Lempert<\/p>\n<p>&nbsp;<\/p>\n","protected":false},"excerpt":{"rendered":"<p>25 marca&nbsp; w naszej szkole odby\u0142 si\u0119 konkurs plastyczny ,, Kapelusz\/wianek Pani Wiosny&#8221; skierowany do uczni\u00f3w klas I-III.<\/p>\n","protected":false},"author":5,"featured_media":0,"comment_status":"closed","ping_status":"closed","sticky":false,"template":"","format":"standard","meta":{"_editorskit_title_hidden":false,"_editorskit_reading_time":0,"_editorskit_is_block_options_detached":false,"_editorskit_block_options_position":"{}","rop_custom_images_group":[],"rop_custom_messages_group":[],"rop_publish_now":"initial","rop_publish_now_accounts":[],"rop_publish_now_history":[],"rop_publish_now_status":"pending","_uag_custom_page_level_css":"","site-sidebar-layout":"default","site-content-layout":"","ast-site-content-layout":"default","site-content-style":"default","site-sidebar-style":"default","ast-global-header-display":"","ast-banner-title-visibility":"","ast-main-header-display":"","ast-hfb-above-header-display":"","ast-hfb-below-header-display":"","ast-hfb-mobile-header-display":"","site-post-title":"","ast-breadcrumbs-content":"","ast-featured-img":"","footer-sml-layout":"","ast-disable-related-posts":"","theme-transparent-header-meta":"","adv-header-id-meta":"","stick-header-meta":"","header-above-stick-meta":"","header-main-stick-meta":"","header-below-stick-meta":"","astra-migrate-meta-layouts":"default","ast-page-background-enabled":"default","ast-page-background-meta":{"desktop":{"background-color":"var(--ast-global-color-5)","background-image":"","background-repeat":"repeat","background-position":"center center","background-size":"auto","background-attachment":"scroll","background-type":"","background-media":"","overlay-type":"","overlay-color":"","overlay-opacity":"","overlay-gradient":""},"tablet":{"background-color":"","background-image":"","background-repeat":"repeat","background-position":"center center","background-size":"auto","background-attachment":"scroll","background-type":"","background-media":"","overlay-type":"","overlay-color":"","overlay-opacity":"","overlay-gradient":""},"mobile":{"background-color":"","background-image":"","background-repeat":"repeat","background-position":"center center","background-size":"auto","background-attachment":"scroll","background-type":"","background-media":"","overlay-type":"","overlay-color":"","overlay-opacity":"","overlay-gradient":""}},"ast-content-background-meta":{"desktop":{"background-color":"var(--ast-global-color-4)","background-image":"","background-repeat":"repeat","background-position":"center center","background-size":"auto","background-attachment":"scroll","background-type":"","background-media":"","overlay-type":"","overlay-color":"","overlay-opacity":"","overlay-gradient":""},"tablet":{"background-color":"var(--ast-global-color-4)","background-image":"","background-repeat":"repeat","background-position":"center center","background-size":"auto","background-attachment":"scroll","background-type":"","background-media":"","overlay-type":"","overlay-color":"","overlay-opacity":"","overlay-gradient":""},"mobile":{"background-color":"var(--ast-global-color-4)","background-image":"","background-repeat":"repeat","background-position":"center center","background-size":"auto","background-attachment":"scroll","background-type":"","background-media":"","overlay-type":"","overlay-color":"","overlay-opacity":"","overlay-gradient":""}},"ngg_post_thumbnail":0,"footnotes":""},"categories":[1],"tags":[],"class_list":["post-50898","post","type-post","status-publish","format-standard","hentry","category-bez-kategorii"],"uagb_featured_image_src":{"full":false,"thumbnail":false,"medium":false,"medium_large":false,"large":false,"1536x1536":false,"2048x2048":false},"uagb_author_info":{"display_name":"Kasia","author_link":"https:\/\/sp5.pila.pl\/SP5\/author\/kasia\/"},"uagb_comment_info":0,"uagb_excerpt":"25 marca&nbsp; w naszej szkole odby\u0142 si\u0119 konkurs plastyczny ,, Kapelusz\/wianek Pani Wiosny&#8221; skierowany do uczni\u00f3w klas I-III.","_links":{"self":[{"href":"https:\/\/sp5.pila.pl\/SP5\/wp-json\/wp\/v2\/posts\/50898","targetHints":{"allow":["GET"]}}],"collection":[{"href":"https:\/\/sp5.pila.pl\/SP5\/wp-json\/wp\/v2\/posts"}],"about":[{"href":"https:\/\/sp5.pila.pl\/SP5\/wp-json\/wp\/v2\/types\/post"}],"author":[{"embeddable":true,"href":"https:\/\/sp5.pila.pl\/SP5\/wp-json\/wp\/v2\/users\/5"}],"replies":[{"embeddable":true,"href":"https:\/\/sp5.pila.pl\/SP5\/wp-json\/wp\/v2\/comments?post=50898"}],"version-history":[{"count":4,"href":"https:\/\/sp5.pila.pl\/SP5\/wp-json\/wp\/v2\/posts\/50898\/revisions"}],"predecessor-version":[{"id":50903,"href":"https:\/\/sp5.pila.pl\/SP5\/wp-json\/wp\/v2\/posts\/50898\/revisions\/50903"}],"wp:attachment":[{"href":"https:\/\/sp5.pila.pl\/SP5\/wp-json\/wp\/v2\/media?parent=50898"}],"wp:term":[{"taxonomy":"category","embeddable":true,"href":"https:\/\/sp5.pila.pl\/SP5\/wp-json\/wp\/v2\/categories?post=50898"},{"taxonomy":"post_tag","embeddable":true,"href":"https:\/\/sp5.pila.pl\/SP5\/wp-json\/wp\/v2\/tags?post=50898"}],"curies":[{"name":"wp","href":"https:\/\/api.w.org\/{rel}","templated":true}]}}