{"id":5328,"date":"2018-10-01T09:57:10","date_gmt":"2018-10-01T07:57:10","guid":{"rendered":"http:\/\/sp5.pila.pl\/SP5\/?p=5328"},"modified":"2018-10-16T12:08:24","modified_gmt":"2018-10-16T10:08:24","slug":"poznajemy-przyrode-z-gangiem-slodziakow","status":"publish","type":"post","link":"https:\/\/sp5.pila.pl\/SP5\/2018\/10\/01\/poznajemy-przyrode-z-gangiem-slodziakow\/","title":{"rendered":"Poznajemy przyrod\u0119 z Gangiem S\u0142odziak\u00f3w"},"content":{"rendered":"<p style=\"text-align: justify;\"><img loading=\"lazy\" decoding=\"async\" width=\"256\" height=\"220\" class=\"alignnone wp-image-5329 alignleft\" alt=\"\" src=\"https:\/\/sp5.pila.pl\/SP5\/wp-content\/uploads\/07237c7540e0b690dddd0cd76414.jpg\" srcset=\"https:\/\/sp5.pila.pl\/SP5\/wp-content\/uploads\/07237c7540e0b690dddd0cd76414.jpg 512w, https:\/\/sp5.pila.pl\/SP5\/wp-content\/uploads\/07237c7540e0b690dddd0cd76414-300x258.jpg 300w\" sizes=\"auto, (max-width: 256px) 100vw, 256px\" \/>W ramach rozwijania kompetencji czytelniczych oraz realizacji projektu edukacyjnego \u201ePrzyroda wok\u00f3\u0142 nas\u201e uczniowie klasy I B wraz z wychowawczyni\u0105 B. Kukli\u0144sk\u0105 wzi\u0119li udzia\u0142 w imprezie czytelniczej. W poniedzia\u0142ek 1 pa\u017adziernika udali si\u0119 do biblioteki szkolnej i wys\u0142uchali fragment\u00f3w ksi\u0105\u017cki Renaty Pi\u0105tkowskiej z serii popularnego ostatnio \u201eGangu S\u0142odziak\u00f3w\u201d. Uczniom czyta\u0142a pani Natalia Jankun, mama jednego z uczni\u00f3w. Dzieci zna\u0142y ju\u017c fragmenty ksi\u0105\u017ceczki i jej bohater\u00f3w, gdy\u017c m\u00f3wi\u0142y o nich na lekcji. Pierwszoklasi\u015bci wybrali do wys\u0142uchania rozdzia\u0142 o rysiu Rysiu i sowie Zosi. Z ogromnym zainteresowaniem ch\u0142on\u0119\u0142y opowie\u015bci o tych zwierz\u0105tkach. Dzieci pozna\u0142y cechy charakterystyczne rodziny kot\u00f3w &#8211; rysia, lwa, i zwyk\u0142ego domowego kotka. Potem dowiedzia\u0142y si\u0119 jeszcze, \u017ce srok\u0119 nazywa si\u0119 \u201dz\u0142odziejk\u0105\u201d, bo lubi zabiera\u0107 r\u00f3\u017cne \u015bwiecide\u0142ka. Warto doda\u0107, \u017ce ka\u017cdy rozdzia\u0142 ksi\u0105\u017ceczki opr\u00f3cz przyg\u00f3d zwierz\u0105t, zawiera r\u00f3wnie\u017c aspekt wychowawczy. Pierwszoklasi\u015bci zach\u0119ceni tre\u015bci\u0105 ksi\u0105\u017cki obiecali si\u0119ga\u0107 po ni\u0105 z rodzicami w domu, by pozna\u0107 losy pozosta\u0142ych bohater\u00f3w.<\/p>\n<p>&nbsp;&nbsp;&nbsp;&nbsp;&nbsp;&nbsp;&nbsp;&nbsp;&nbsp;&nbsp;&nbsp;&nbsp;&nbsp;&nbsp;&nbsp;&nbsp;&nbsp;&nbsp;&nbsp;&nbsp;&nbsp;&nbsp;&nbsp;&nbsp;&nbsp;&nbsp;&nbsp;&nbsp;&nbsp;&nbsp;&nbsp;&nbsp;&nbsp;&nbsp;&nbsp;&nbsp;&nbsp;&nbsp;&nbsp;&nbsp;&nbsp;&nbsp;&nbsp;&nbsp;&nbsp;&nbsp;&nbsp;&nbsp;&nbsp;&nbsp;&nbsp;&nbsp;&nbsp;&nbsp;&nbsp;&nbsp;&nbsp;&nbsp;&nbsp;&nbsp;&nbsp;&nbsp;&nbsp;&nbsp;&nbsp;&nbsp;&nbsp;&nbsp;&nbsp;&nbsp;&nbsp;&nbsp;&nbsp;&nbsp;&nbsp;&nbsp;&nbsp;&nbsp;&nbsp;&nbsp;&nbsp;&nbsp;&nbsp;&nbsp;&nbsp;&nbsp;&nbsp;&nbsp;&nbsp;&nbsp;&nbsp;&nbsp;&nbsp;&nbsp;&nbsp;&nbsp;&nbsp;&nbsp;&nbsp;&nbsp;&nbsp;&nbsp;&nbsp;&nbsp;&nbsp;&nbsp;&nbsp;&nbsp;&nbsp;&nbsp;&nbsp;&nbsp;&nbsp;&nbsp;&nbsp;&nbsp;&nbsp;&nbsp;&nbsp;&nbsp;&nbsp;&nbsp;&nbsp;&nbsp;&nbsp;&nbsp;&nbsp;&nbsp;&nbsp;&nbsp;&nbsp;&nbsp;&nbsp;&nbsp;&nbsp;&nbsp;&nbsp;&nbsp;&nbsp;&nbsp;&nbsp;&nbsp;&nbsp;&nbsp;&nbsp;&nbsp;&nbsp;&nbsp;&nbsp;&nbsp; B. Kukli\u0144ska<\/p>\n<p style=\"text-align: center;\"><a href=\"https:\/\/sp5.pila.pl\/SP5\/galeria-2018-2019\/nggallery\/rok-szkolny-2018-2019\/2018-10-01-I-b-Impreza-czytelnicza\">&gt;&gt;zobacz zdj\u0119cia&lt;&lt;<\/a><\/p>\n","protected":false},"excerpt":{"rendered":"<p>W ramach rozwijania kompetencji czytelniczych oraz realizacji projektu edukacyjnego \u201ePrzyroda wok\u00f3\u0142 nas\u201e uczniowie klasy I B wraz z wychowawczyni\u0105 B. [&hellip;]<\/p>\n","protected":false},"author":5,"featured_media":0,"comment_status":"closed","ping_status":"closed","sticky":false,"template":"","format":"standard","meta":{"_editorskit_title_hidden":false,"_editorskit_reading_time":0,"_editorskit_is_block_options_detached":false,"_editorskit_block_options_position":"{}","rop_custom_images_group":[],"rop_custom_messages_group":[],"rop_publish_now":"initial","rop_publish_now_accounts":[],"rop_publish_now_history":[],"rop_publish_now_status":"pending","_uag_custom_page_level_css":"","site-sidebar-layout":"default","site-content-layout":"","ast-site-content-layout":"default","site-content-style":"default","site-sidebar-style":"default","ast-global-header-display":"","ast-banner-title-visibility":"","ast-main-header-display":"","ast-hfb-above-header-display":"","ast-hfb-below-header-display":"","ast-hfb-mobile-header-display":"","site-post-title":"","ast-breadcrumbs-content":"","ast-featured-img":"","footer-sml-layout":"","ast-disable-related-posts":"","theme-transparent-header-meta":"","adv-header-id-meta":"","stick-header-meta":"","header-above-stick-meta":"","header-main-stick-meta":"","header-below-stick-meta":"","astra-migrate-meta-layouts":"default","ast-page-background-enabled":"default","ast-page-background-meta":{"desktop":{"background-color":"var(--ast-global-color-5)","background-image":"","background-repeat":"repeat","background-position":"center center","background-size":"auto","background-attachment":"scroll","background-type":"","background-media":"","overlay-type":"","overlay-color":"","overlay-opacity":"","overlay-gradient":""},"tablet":{"background-color":"","background-image":"","background-repeat":"repeat","background-position":"center center","background-size":"auto","background-attachment":"scroll","background-type":"","background-media":"","overlay-type":"","overlay-color":"","overlay-opacity":"","overlay-gradient":""},"mobile":{"background-color":"","background-image":"","background-repeat":"repeat","background-position":"center center","background-size":"auto","background-attachment":"scroll","background-type":"","background-media":"","overlay-type":"","overlay-color":"","overlay-opacity":"","overlay-gradient":""}},"ast-content-background-meta":{"desktop":{"background-color":"var(--ast-global-color-4)","background-image":"","background-repeat":"repeat","background-position":"center center","background-size":"auto","background-attachment":"scroll","background-type":"","background-media":"","overlay-type":"","overlay-color":"","overlay-opacity":"","overlay-gradient":""},"tablet":{"background-color":"var(--ast-global-color-4)","background-image":"","background-repeat":"repeat","background-position":"center center","background-size":"auto","background-attachment":"scroll","background-type":"","background-media":"","overlay-type":"","overlay-color":"","overlay-opacity":"","overlay-gradient":""},"mobile":{"background-color":"var(--ast-global-color-4)","background-image":"","background-repeat":"repeat","background-position":"center center","background-size":"auto","background-attachment":"scroll","background-type":"","background-media":"","overlay-type":"","overlay-color":"","overlay-opacity":"","overlay-gradient":""}},"ngg_post_thumbnail":0,"footnotes":""},"categories":[1],"tags":[],"class_list":["post-5328","post","type-post","status-publish","format-standard","hentry","category-bez-kategorii"],"uagb_featured_image_src":{"full":false,"thumbnail":false,"medium":false,"medium_large":false,"large":false,"1536x1536":false,"2048x2048":false},"uagb_author_info":{"display_name":"Kasia","author_link":"https:\/\/sp5.pila.pl\/SP5\/author\/kasia\/"},"uagb_comment_info":0,"uagb_excerpt":"W ramach rozwijania kompetencji czytelniczych oraz realizacji projektu edukacyjnego \u201ePrzyroda wok\u00f3\u0142 nas\u201e uczniowie klasy I B wraz z wychowawczyni\u0105 B. [&hellip;]","_links":{"self":[{"href":"https:\/\/sp5.pila.pl\/SP5\/wp-json\/wp\/v2\/posts\/5328","targetHints":{"allow":["GET"]}}],"collection":[{"href":"https:\/\/sp5.pila.pl\/SP5\/wp-json\/wp\/v2\/posts"}],"about":[{"href":"https:\/\/sp5.pila.pl\/SP5\/wp-json\/wp\/v2\/types\/post"}],"author":[{"embeddable":true,"href":"https:\/\/sp5.pila.pl\/SP5\/wp-json\/wp\/v2\/users\/5"}],"replies":[{"embeddable":true,"href":"https:\/\/sp5.pila.pl\/SP5\/wp-json\/wp\/v2\/comments?post=5328"}],"version-history":[{"count":5,"href":"https:\/\/sp5.pila.pl\/SP5\/wp-json\/wp\/v2\/posts\/5328\/revisions"}],"predecessor-version":[{"id":5829,"href":"https:\/\/sp5.pila.pl\/SP5\/wp-json\/wp\/v2\/posts\/5328\/revisions\/5829"}],"wp:attachment":[{"href":"https:\/\/sp5.pila.pl\/SP5\/wp-json\/wp\/v2\/media?parent=5328"}],"wp:term":[{"taxonomy":"category","embeddable":true,"href":"https:\/\/sp5.pila.pl\/SP5\/wp-json\/wp\/v2\/categories?post=5328"},{"taxonomy":"post_tag","embeddable":true,"href":"https:\/\/sp5.pila.pl\/SP5\/wp-json\/wp\/v2\/tags?post=5328"}],"curies":[{"name":"wp","href":"https:\/\/api.w.org\/{rel}","templated":true}]}}