{"id":5494,"date":"2018-10-04T08:52:34","date_gmt":"2018-10-04T06:52:34","guid":{"rendered":"http:\/\/sp5.pila.pl\/SP5\/?p=5494"},"modified":"2018-10-16T12:09:41","modified_gmt":"2018-10-16T10:09:41","slug":"sezonowe-warzywa-i-owoce","status":"publish","type":"post","link":"https:\/\/sp5.pila.pl\/SP5\/2018\/10\/04\/sezonowe-warzywa-i-owoce\/","title":{"rendered":"Sezonowe warzywa i owoce"},"content":{"rendered":"<p><img loading=\"lazy\" decoding=\"async\" width=\"252\" height=\"253\" class=\"alignnone wp-image-5496 alignleft\" alt=\"\" src=\"https:\/\/sp5.pila.pl\/SP5\/wp-content\/uploads\/kindergarten-clipart-preschool-3.jpg\" srcset=\"https:\/\/sp5.pila.pl\/SP5\/wp-content\/uploads\/kindergarten-clipart-preschool-3.jpg 1019w, https:\/\/sp5.pila.pl\/SP5\/wp-content\/uploads\/kindergarten-clipart-preschool-3-150x150.jpg 150w, https:\/\/sp5.pila.pl\/SP5\/wp-content\/uploads\/kindergarten-clipart-preschool-3-300x300.jpg 300w, https:\/\/sp5.pila.pl\/SP5\/wp-content\/uploads\/kindergarten-clipart-preschool-3-768x772.jpg 768w, https:\/\/sp5.pila.pl\/SP5\/wp-content\/uploads\/kindergarten-clipart-preschool-3-655x658.jpg 655w\" sizes=\"auto, (max-width: 252px) 100vw, 252px\" \/>W ramach realizacji innowacji pedagogicznej \u201ePrzyroda i ja\u201d w czwartek 4 pa\u017adziernika klasa I b wraz z wychowawczyni\u0105 B. Kukli\u0144sk\u0105 wybra\u0142a si\u0119 na pilskie Targowisko Miejskie. Uczniowie przeszli g\u0142\u00f3wn\u0105 alejk\u0105, gdzie przygl\u0105dali si\u0119 i podziwiali pi\u0119kne, zdrowe okazy warzyw i owoc\u00f3w. Dzieci pozna\u0142y sezonowe owoce z sadu takie jak: \u015bliwki, winogrono, gruszki, jab\u0142ka oraz warzywa: papryk\u0119, pomidory, brukselk\u0119, jarmu\u017c, dyni\u0119, kabaczki. Przy okazji wymienia\u0142y si\u0119 wiedz\u0105 o tych warzywach. Wiedzia\u0142y, kt\u00f3ra cz\u0119\u015b\u0107 jest jadalna, a kt\u00f3ra nie. Przechodz\u0105c od straganu do straganu uczniowie dyskutowali co najbardziej lubi\u0105 je\u015b\u0107 i jakie owoce najcz\u0119\u015bciej &nbsp;kupuj\u0105 &nbsp;ich rodzice. Pierwszoklasi\u015bci dowiedzieli si\u0119 , \u017ce niekt\u00f3re owoce i warzywa nale\u017cy spo\u017cywa\u0107 w\u0142a\u015bnie teraz, gdy\u017c obecnie dojrzewaj\u0105 i s\u0105 najlepsze. Dlatego w\u0142a\u015bnie nazywamy je \u201esezonowymi\u201d. Pierwszoklasi\u015bci obiecali, \u017ce warzyw i owoc\u00f3w nie zabraknie w ich \u015bniadani\u00f3wkach.<\/p>\n<p>&nbsp;&nbsp;&nbsp;&nbsp;&nbsp;&nbsp;&nbsp;&nbsp;&nbsp;&nbsp;&nbsp;&nbsp;&nbsp;&nbsp;&nbsp;&nbsp;&nbsp;&nbsp;&nbsp;&nbsp;&nbsp;&nbsp;&nbsp;&nbsp;&nbsp;&nbsp;&nbsp;&nbsp;&nbsp;&nbsp;&nbsp;&nbsp;&nbsp;&nbsp;&nbsp;&nbsp;&nbsp;&nbsp;&nbsp;&nbsp;&nbsp;&nbsp;&nbsp;&nbsp;&nbsp;&nbsp;&nbsp;&nbsp;&nbsp;&nbsp;&nbsp;&nbsp;&nbsp;&nbsp;&nbsp;&nbsp;&nbsp;&nbsp;&nbsp;&nbsp;&nbsp;&nbsp;&nbsp;&nbsp;&nbsp;&nbsp;&nbsp;&nbsp;&nbsp;&nbsp;&nbsp;&nbsp;&nbsp;&nbsp;&nbsp;&nbsp;&nbsp;&nbsp;&nbsp;&nbsp;&nbsp;&nbsp;&nbsp;&nbsp;&nbsp;&nbsp;&nbsp;&nbsp;&nbsp;&nbsp;&nbsp;&nbsp;&nbsp;&nbsp;&nbsp;&nbsp;&nbsp;&nbsp;&nbsp;&nbsp;&nbsp;&nbsp;&nbsp;&nbsp;&nbsp;&nbsp;&nbsp;&nbsp;&nbsp;&nbsp;&nbsp;&nbsp;&nbsp;&nbsp;&nbsp;&nbsp;&nbsp;&nbsp;&nbsp;&nbsp;&nbsp;&nbsp;&nbsp;&nbsp;&nbsp;&nbsp;&nbsp;&nbsp;&nbsp;&nbsp;&nbsp;&nbsp;&nbsp;&nbsp;&nbsp;&nbsp;&nbsp;&nbsp;&nbsp;&nbsp;&nbsp;&nbsp;&nbsp;&nbsp;&nbsp;&nbsp;&nbsp;&nbsp;&nbsp;&nbsp;&nbsp;&nbsp;&nbsp;&nbsp;&nbsp;&nbsp;&nbsp;&nbsp;&nbsp;&nbsp;&nbsp;&nbsp;&nbsp;&nbsp;&nbsp;&nbsp;&nbsp;&nbsp;&nbsp;&nbsp;&nbsp;&nbsp;&nbsp;&nbsp;&nbsp;&nbsp;&nbsp;&nbsp;&nbsp;&nbsp;&nbsp;&nbsp;&nbsp;&nbsp;&nbsp;&nbsp;&nbsp;&nbsp;&nbsp;&nbsp;&nbsp;&nbsp;&nbsp;&nbsp;&nbsp;&nbsp;&nbsp;&nbsp;&nbsp;&nbsp;&nbsp;&nbsp;&nbsp;&nbsp;&nbsp;&nbsp;&nbsp;&nbsp;&nbsp;&nbsp; B. Kukli\u0144ska<\/p>\n<p>&nbsp;&nbsp;&nbsp;&nbsp;&nbsp;&nbsp;&nbsp;&nbsp;&nbsp;&nbsp;&nbsp;&nbsp;&nbsp;&nbsp;&nbsp;&nbsp;&nbsp;&nbsp;&nbsp;&nbsp;&nbsp;&nbsp;&nbsp;&nbsp;&nbsp;&nbsp;&nbsp;&nbsp;&nbsp;&nbsp;&nbsp;&nbsp;&nbsp;&nbsp;&nbsp;&nbsp;&nbsp;&nbsp;&nbsp;&nbsp;&nbsp;&nbsp;&nbsp;&nbsp;&nbsp;&nbsp;&nbsp;&nbsp;&nbsp;&nbsp;&nbsp;&nbsp;&nbsp;&nbsp;&nbsp;&nbsp;&nbsp;&nbsp;&nbsp;&nbsp;&nbsp;&nbsp;&nbsp;&nbsp;&nbsp;&nbsp;&nbsp;&nbsp;&nbsp;&nbsp;&nbsp;&nbsp;&nbsp;&nbsp;&nbsp;&nbsp;&nbsp;&nbsp;&nbsp;&nbsp; &nbsp;&nbsp;&nbsp;&nbsp;&nbsp;&nbsp;&nbsp;&nbsp;&nbsp;&nbsp;&nbsp;&nbsp;&nbsp;&nbsp;&nbsp;&nbsp;&nbsp;&nbsp;<a href=\"https:\/\/sp5.pila.pl\/SP5\/galeria-2018-2019\/nggallery\/rok-szkolny-2018-2019\/2018-10-04-I-b-na-targowisku\">&nbsp;&nbsp; &gt;&gt;zobacz zdj\u0119cia&lt;&lt;<\/a><\/p>\n","protected":false},"excerpt":{"rendered":"<p>W ramach realizacji innowacji pedagogicznej \u201ePrzyroda i ja\u201d w czwartek 4 pa\u017adziernika klasa I b wraz z wychowawczyni\u0105 B. Kukli\u0144sk\u0105 [&hellip;]<\/p>\n","protected":false},"author":5,"featured_media":0,"comment_status":"closed","ping_status":"closed","sticky":false,"template":"","format":"standard","meta":{"_editorskit_title_hidden":false,"_editorskit_reading_time":0,"_editorskit_is_block_options_detached":false,"_editorskit_block_options_position":"{}","rop_custom_images_group":[],"rop_custom_messages_group":[],"rop_publish_now":"initial","rop_publish_now_accounts":[],"rop_publish_now_history":[],"rop_publish_now_status":"pending","_uag_custom_page_level_css":"","site-sidebar-layout":"default","site-content-layout":"","ast-site-content-layout":"default","site-content-style":"default","site-sidebar-style":"default","ast-global-header-display":"","ast-banner-title-visibility":"","ast-main-header-display":"","ast-hfb-above-header-display":"","ast-hfb-below-header-display":"","ast-hfb-mobile-header-display":"","site-post-title":"","ast-breadcrumbs-content":"","ast-featured-img":"","footer-sml-layout":"","ast-disable-related-posts":"","theme-transparent-header-meta":"","adv-header-id-meta":"","stick-header-meta":"","header-above-stick-meta":"","header-main-stick-meta":"","header-below-stick-meta":"","astra-migrate-meta-layouts":"default","ast-page-background-enabled":"default","ast-page-background-meta":{"desktop":{"background-color":"var(--ast-global-color-5)","background-image":"","background-repeat":"repeat","background-position":"center center","background-size":"auto","background-attachment":"scroll","background-type":"","background-media":"","overlay-type":"","overlay-color":"","overlay-opacity":"","overlay-gradient":""},"tablet":{"background-color":"","background-image":"","background-repeat":"repeat","background-position":"center center","background-size":"auto","background-attachment":"scroll","background-type":"","background-media":"","overlay-type":"","overlay-color":"","overlay-opacity":"","overlay-gradient":""},"mobile":{"background-color":"","background-image":"","background-repeat":"repeat","background-position":"center center","background-size":"auto","background-attachment":"scroll","background-type":"","background-media":"","overlay-type":"","overlay-color":"","overlay-opacity":"","overlay-gradient":""}},"ast-content-background-meta":{"desktop":{"background-color":"var(--ast-global-color-4)","background-image":"","background-repeat":"repeat","background-position":"center center","background-size":"auto","background-attachment":"scroll","background-type":"","background-media":"","overlay-type":"","overlay-color":"","overlay-opacity":"","overlay-gradient":""},"tablet":{"background-color":"var(--ast-global-color-4)","background-image":"","background-repeat":"repeat","background-position":"center center","background-size":"auto","background-attachment":"scroll","background-type":"","background-media":"","overlay-type":"","overlay-color":"","overlay-opacity":"","overlay-gradient":""},"mobile":{"background-color":"var(--ast-global-color-4)","background-image":"","background-repeat":"repeat","background-position":"center center","background-size":"auto","background-attachment":"scroll","background-type":"","background-media":"","overlay-type":"","overlay-color":"","overlay-opacity":"","overlay-gradient":""}},"ngg_post_thumbnail":0,"footnotes":""},"categories":[1],"tags":[],"class_list":["post-5494","post","type-post","status-publish","format-standard","hentry","category-bez-kategorii"],"uagb_featured_image_src":{"full":false,"thumbnail":false,"medium":false,"medium_large":false,"large":false,"1536x1536":false,"2048x2048":false},"uagb_author_info":{"display_name":"Kasia","author_link":"https:\/\/sp5.pila.pl\/SP5\/author\/kasia\/"},"uagb_comment_info":0,"uagb_excerpt":"W ramach realizacji innowacji pedagogicznej \u201ePrzyroda i ja\u201d w czwartek 4 pa\u017adziernika klasa I b wraz z wychowawczyni\u0105 B. Kukli\u0144sk\u0105 [&hellip;]","_links":{"self":[{"href":"https:\/\/sp5.pila.pl\/SP5\/wp-json\/wp\/v2\/posts\/5494","targetHints":{"allow":["GET"]}}],"collection":[{"href":"https:\/\/sp5.pila.pl\/SP5\/wp-json\/wp\/v2\/posts"}],"about":[{"href":"https:\/\/sp5.pila.pl\/SP5\/wp-json\/wp\/v2\/types\/post"}],"author":[{"embeddable":true,"href":"https:\/\/sp5.pila.pl\/SP5\/wp-json\/wp\/v2\/users\/5"}],"replies":[{"embeddable":true,"href":"https:\/\/sp5.pila.pl\/SP5\/wp-json\/wp\/v2\/comments?post=5494"}],"version-history":[{"count":6,"href":"https:\/\/sp5.pila.pl\/SP5\/wp-json\/wp\/v2\/posts\/5494\/revisions"}],"predecessor-version":[{"id":5831,"href":"https:\/\/sp5.pila.pl\/SP5\/wp-json\/wp\/v2\/posts\/5494\/revisions\/5831"}],"wp:attachment":[{"href":"https:\/\/sp5.pila.pl\/SP5\/wp-json\/wp\/v2\/media?parent=5494"}],"wp:term":[{"taxonomy":"category","embeddable":true,"href":"https:\/\/sp5.pila.pl\/SP5\/wp-json\/wp\/v2\/categories?post=5494"},{"taxonomy":"post_tag","embeddable":true,"href":"https:\/\/sp5.pila.pl\/SP5\/wp-json\/wp\/v2\/tags?post=5494"}],"curies":[{"name":"wp","href":"https:\/\/api.w.org\/{rel}","templated":true}]}}