{"id":55978,"date":"2025-11-07T11:51:25","date_gmt":"2025-11-07T10:51:25","guid":{"rendered":"https:\/\/sp5.pila.pl\/SP5\/?p=55978"},"modified":"2025-11-07T12:33:31","modified_gmt":"2025-11-07T11:33:31","slug":"w-teatrze-7","status":"publish","type":"post","link":"https:\/\/sp5.pila.pl\/SP5\/2025\/11\/07\/w-teatrze-7\/","title":{"rendered":"W teatrze"},"content":{"rendered":"\n<figure class=\"wp-block-image aligncenter size-full is-resized animated fadeInDown\"><img loading=\"lazy\" decoding=\"async\" width=\"626\" height=\"447\" src=\"https:\/\/sp5.pila.pl\/SP5\/wp-content\/uploads\/wesole-i-smutne-maski-teatralne-scena-teatralna-z-czerwonymi-zaslonami-ilustracja_302982-44.avif\" alt=\"\" class=\"wp-image-55539\" style=\"width:301px;height:auto\"\/><\/figure>\n\n\n\n<p class=\"has-text-align-justify animated fadeInUp has-text-align-justify\">7 listopada uczniowie klas pierwszych i II b wybrali si\u0119 do Regionalnego Centrum Kultury na przedstawienie teatralne pt. \u201eJa\u015b i Ma\u0142gosia\u201d w wykonaniu aktor\u00f3w z Pozna\u0144skiego Teatru Aktora.<\/p>\n\n\n\n<!--more-->\n\n\n\n<p>Spektakl oparty by\u0142 na klasycznej ba\u015bni braci Grimm, jednak jego wsp\u00f3\u0142czesna interpretacja zaskoczy\u0142a m\u0142odych widz\u00f3w humorem, muzyk\u0105 i kolorow\u0105 opraw\u0105 sceniczn\u0105. Karykaturalna Baba Jaga zamiast straszy\u0107 \u2013 bawi\u0142a, a jednocze\u015bnie przypomina\u0142a dzieciom, jak wa\u017cne jest docenianie tego, co mamy, nawet je\u015bli wydaje si\u0119 to niewielkie.<\/p>\n\n\n\n<p>Uczniowie z du\u017cym zainteresowaniem \u015bledzili przebieg akcji i z zaanga\u017cowaniem prze\u017cywali przygody rodze\u0144stwa, aktywnie w\u0142\u0105czaj\u0105c si\u0119 w widowisko \u2013 bili brawo w odpowiednich momentach, a nawet skandowali zach\u0119caj\u0105ce okrzyki.<\/p>\n\n\n\n<p>Ca\u0142o\u015b\u0107 dope\u0142nia\u0142y autorskie piosenki i muzyka, kt\u00f3re wprowadza\u0142y radosny nastr\u00f3j i sprawia\u0142y, \u017ce bajka nabra\u0142a wyj\u0105tkowo ciep\u0142ego, pozytywnego charakteru. Dzieci z u\u015bmiechem opuszcza\u0142y sal\u0119 teatraln\u0105, bogatsze o nowe wra\u017cenia i refleksje.<\/p>\n\n\n\n<p>To by\u0142a pe\u0142na emocji i warto\u015bciowych prze\u017cy\u0107 wyprawa do \u015bwiata teatru!<\/p>\n\n\n\n<p class=\"has-text-align-center\"><a href=\"https:\/\/sp5.pila.pl\/SP5\/galeria-2025-26\/nggallery\/album\/2025-11-07-w-teatrze\">>>zobacz zdj\u0119cia&lt;&lt;<\/a><\/p>\n\n\n\n<p class=\"has-text-align-right\">M. Prus<\/p>\n","protected":false},"excerpt":{"rendered":"<p>7 listopada uczniowie klas pierwszych i II b wybrali si\u0119 do Regionalnego Centrum Kultury na przedstawienie teatralne pt. \u201eJa\u015b i [&hellip;]<\/p>\n","protected":false},"author":5,"featured_media":0,"comment_status":"closed","ping_status":"closed","sticky":false,"template":"","format":"standard","meta":{"_editorskit_title_hidden":false,"_editorskit_reading_time":0,"_editorskit_is_block_options_detached":false,"_editorskit_block_options_position":"{}","rop_custom_images_group":[],"rop_custom_messages_group":[],"rop_publish_now":"yes","rop_publish_now_accounts":[],"rop_publish_now_history":[],"rop_publish_now_status":"pending","_uag_custom_page_level_css":"","site-sidebar-layout":"default","site-content-layout":"","ast-site-content-layout":"default","site-content-style":"default","site-sidebar-style":"default","ast-global-header-display":"","ast-banner-title-visibility":"","ast-main-header-display":"","ast-hfb-above-header-display":"","ast-hfb-below-header-display":"","ast-hfb-mobile-header-display":"","site-post-title":"","ast-breadcrumbs-content":"","ast-featured-img":"","footer-sml-layout":"","ast-disable-related-posts":"","theme-transparent-header-meta":"","adv-header-id-meta":"","stick-header-meta":"","header-above-stick-meta":"","header-main-stick-meta":"","header-below-stick-meta":"","astra-migrate-meta-layouts":"default","ast-page-background-enabled":"default","ast-page-background-meta":{"desktop":{"background-color":"var(--ast-global-color-5)","background-image":"","background-repeat":"repeat","background-position":"center center","background-size":"auto","background-attachment":"scroll","background-type":"","background-media":"","overlay-type":"","overlay-color":"","overlay-opacity":"","overlay-gradient":""},"tablet":{"background-color":"","background-image":"","background-repeat":"repeat","background-position":"center center","background-size":"auto","background-attachment":"scroll","background-type":"","background-media":"","overlay-type":"","overlay-color":"","overlay-opacity":"","overlay-gradient":""},"mobile":{"background-color":"","background-image":"","background-repeat":"repeat","background-position":"center center","background-size":"auto","background-attachment":"scroll","background-type":"","background-media":"","overlay-type":"","overlay-color":"","overlay-opacity":"","overlay-gradient":""}},"ast-content-background-meta":{"desktop":{"background-color":"var(--ast-global-color-4)","background-image":"","background-repeat":"repeat","background-position":"center center","background-size":"auto","background-attachment":"scroll","background-type":"","background-media":"","overlay-type":"","overlay-color":"","overlay-opacity":"","overlay-gradient":""},"tablet":{"background-color":"var(--ast-global-color-4)","background-image":"","background-repeat":"repeat","background-position":"center center","background-size":"auto","background-attachment":"scroll","background-type":"","background-media":"","overlay-type":"","overlay-color":"","overlay-opacity":"","overlay-gradient":""},"mobile":{"background-color":"var(--ast-global-color-4)","background-image":"","background-repeat":"repeat","background-position":"center center","background-size":"auto","background-attachment":"scroll","background-type":"","background-media":"","overlay-type":"","overlay-color":"","overlay-opacity":"","overlay-gradient":""}},"ngg_post_thumbnail":0,"footnotes":""},"categories":[1],"tags":[],"class_list":["post-55978","post","type-post","status-publish","format-standard","hentry","category-bez-kategorii"],"uagb_featured_image_src":{"full":false,"thumbnail":false,"medium":false,"medium_large":false,"large":false,"1536x1536":false,"2048x2048":false},"uagb_author_info":{"display_name":"Kasia","author_link":"https:\/\/sp5.pila.pl\/SP5\/author\/kasia\/"},"uagb_comment_info":0,"uagb_excerpt":"7 listopada uczniowie klas pierwszych i II b wybrali si\u0119 do Regionalnego Centrum Kultury na przedstawienie teatralne pt. \u201eJa\u015b i [&hellip;]","_links":{"self":[{"href":"https:\/\/sp5.pila.pl\/SP5\/wp-json\/wp\/v2\/posts\/55978","targetHints":{"allow":["GET"]}}],"collection":[{"href":"https:\/\/sp5.pila.pl\/SP5\/wp-json\/wp\/v2\/posts"}],"about":[{"href":"https:\/\/sp5.pila.pl\/SP5\/wp-json\/wp\/v2\/types\/post"}],"author":[{"embeddable":true,"href":"https:\/\/sp5.pila.pl\/SP5\/wp-json\/wp\/v2\/users\/5"}],"replies":[{"embeddable":true,"href":"https:\/\/sp5.pila.pl\/SP5\/wp-json\/wp\/v2\/comments?post=55978"}],"version-history":[{"count":2,"href":"https:\/\/sp5.pila.pl\/SP5\/wp-json\/wp\/v2\/posts\/55978\/revisions"}],"predecessor-version":[{"id":55984,"href":"https:\/\/sp5.pila.pl\/SP5\/wp-json\/wp\/v2\/posts\/55978\/revisions\/55984"}],"wp:attachment":[{"href":"https:\/\/sp5.pila.pl\/SP5\/wp-json\/wp\/v2\/media?parent=55978"}],"wp:term":[{"taxonomy":"category","embeddable":true,"href":"https:\/\/sp5.pila.pl\/SP5\/wp-json\/wp\/v2\/categories?post=55978"},{"taxonomy":"post_tag","embeddable":true,"href":"https:\/\/sp5.pila.pl\/SP5\/wp-json\/wp\/v2\/tags?post=55978"}],"curies":[{"name":"wp","href":"https:\/\/api.w.org\/{rel}","templated":true}]}}