{"id":55986,"date":"2025-11-08T05:43:00","date_gmt":"2025-11-08T04:43:00","guid":{"rendered":"https:\/\/sp5.pila.pl\/SP5\/?p=55986"},"modified":"2025-11-13T10:18:51","modified_gmt":"2025-11-13T09:18:51","slug":"107-rocznica-odzyskania-przez-polske-niepodleglosci","status":"publish","type":"post","link":"https:\/\/sp5.pila.pl\/SP5\/2025\/11\/08\/107-rocznica-odzyskania-przez-polske-niepodleglosci\/","title":{"rendered":"107 rocznica odzyskania przez Polsk\u0119 niepodleg\u0142o\u015bci"},"content":{"rendered":"\n<figure class=\"wp-block-image aligncenter size-full is-resized animated fadeInDown\"><img loading=\"lazy\" decoding=\"async\" width=\"626\" height=\"561\" src=\"https:\/\/sp5.pila.pl\/SP5\/wp-content\/uploads\/Dzieci_i_flaga.jpg\" alt=\"\" class=\"wp-image-31327\" style=\"width:277px;height:auto\" srcset=\"https:\/\/sp5.pila.pl\/SP5\/wp-content\/uploads\/Dzieci_i_flaga.jpg 626w, https:\/\/sp5.pila.pl\/SP5\/wp-content\/uploads\/Dzieci_i_flaga-300x269.jpg 300w\" sizes=\"auto, (max-width: 626px) 100vw, 626px\" \/><\/figure>\n\n\n\n<p class=\"has-text-align-justify animated fadeInUp has-text-align-justify\">W tym tygodniu nasi uczniowie w wyj\u0105tkowy spos\u00f3b uczcili 107. rocznic\u0119 odzyskania przez Polsk\u0119 niepodleg\u0142o\u015bci.<\/p>\n\n\n\n<!--more-->\n\n\n\n<p class=\"has-text-align-justify animated fadeInUp has-text-align-justify\">\u2028Przez trzy dni brali udzia\u0142 w r\u00f3\u017cnorodnych dzia\u0142aniach patriotycznych, kt\u00f3re pozwoli\u0142y im nie tylko pozna\u0107 histori\u0119 naszego kraju, ale te\u017c wyrazi\u0107 w\u0142asne uczucia wobec Ojczyzny.<\/p>\n\n\n\n<p class=\"has-text-align-justify has-text-align-justify\"><br>* Pierwszego dnia szko\u0142a wype\u0142ni\u0142a si\u0119 barwami narodowymi \u2013 uczniowie przyszli ubrani w czerwone i bia\u0142e koszulki, a nast\u0119pnie zaprezentowane zosta\u0142y&nbsp; zrobione w\u0142asnor\u0119cznie&nbsp; patriotyczne zak\u0142adki do ksi\u0105\u017cek, kt\u00f3re b\u0119d\u0105 im przypomina\u0107 o tym wyj\u0105tkowym \u015bwi\u0119cie.<br>* Drugiego i trzeciego dnia uczniowie wsp\u00f3lnie tworzyli \u201eDrzewo Wolno\u015bci\u201d. Na jego li\u015bciach zapisali swoje refleksje na temat tego, czym jest dla nich wolno\u015b\u0107. Napisali tak\u017ce \u017cyczenia dla Polski. Powsta\u0142o niezwyk\u0142e, symboliczne dzie\u0142o pe\u0142ne pi\u0119knych s\u0142\u00f3w, emocji i patriotycznych warto\u015bci. Ponadto klasa 4 c za\u015bpiewa\u0142a piosenk\u0119 patriotyczn\u0105 a jej wykonanie zosta\u0142o nagrane.<\/p>\n\n\n\n<p class=\"has-text-align-center\"><a href=\"https:\/\/sp5.pila.pl\/SP5\/galeria-2025-26\/nggallery\/album\/2025-11-5-7-11-listopada-w-sp5\">&gt;&gt; zobacz zdj\u0119cia z tych dni &lt;&lt;<\/a><\/p>\n\n\n\n<p class=\"has-text-align-justify has-text-align-justify\">Klasa 4C nagra\u0142a te\u017c teledysk, kt\u00f3ry mo\u017cecie zobaczy\u0107 poni\u017cej.<\/p>\n\n\n\n<figure class=\"wp-block-video\"><video height=\"640\" style=\"aspect-ratio: 368 \/ 640;\" width=\"368\" controls src=\"https:\/\/sp5.pila.pl\/SP5\/wp-content\/uploads\/VIDEO-2025-11-07-09-08-03.mp4\"><\/video><\/figure>\n\n\n\n<p><br>Dzi\u0119kujemy uczniom za zaanga\u017cowanie, pomys\u0142owo\u015b\u0107 i wsp\u00f3lne \u015bwi\u0119towanie tak wa\u017cnego dla nas wszystkich dnia!&nbsp;<\/p>\n","protected":false},"excerpt":{"rendered":"<p>W tym tygodniu nasi uczniowie w wyj\u0105tkowy spos\u00f3b uczcili 107. rocznic\u0119 odzyskania przez Polsk\u0119 niepodleg\u0142o\u015bci.<\/p>\n","protected":false},"author":1,"featured_media":0,"comment_status":"closed","ping_status":"closed","sticky":false,"template":"","format":"standard","meta":{"_editorskit_title_hidden":false,"_editorskit_reading_time":0,"_editorskit_is_block_options_detached":false,"_editorskit_block_options_position":"{}","rop_custom_images_group":[],"rop_custom_messages_group":[],"rop_publish_now":"yes","rop_publish_now_accounts":[],"rop_publish_now_history":[],"rop_publish_now_status":"pending","_uag_custom_page_level_css":"","site-sidebar-layout":"default","site-content-layout":"","ast-site-content-layout":"default","site-content-style":"default","site-sidebar-style":"default","ast-global-header-display":"","ast-banner-title-visibility":"","ast-main-header-display":"","ast-hfb-above-header-display":"","ast-hfb-below-header-display":"","ast-hfb-mobile-header-display":"","site-post-title":"","ast-breadcrumbs-content":"","ast-featured-img":"","footer-sml-layout":"","ast-disable-related-posts":"","theme-transparent-header-meta":"","adv-header-id-meta":"","stick-header-meta":"","header-above-stick-meta":"","header-main-stick-meta":"","header-below-stick-meta":"","astra-migrate-meta-layouts":"default","ast-page-background-enabled":"default","ast-page-background-meta":{"desktop":{"background-color":"var(--ast-global-color-5)","background-image":"","background-repeat":"repeat","background-position":"center center","background-size":"auto","background-attachment":"scroll","background-type":"","background-media":"","overlay-type":"","overlay-color":"","overlay-opacity":"","overlay-gradient":""},"tablet":{"background-color":"","background-image":"","background-repeat":"repeat","background-position":"center center","background-size":"auto","background-attachment":"scroll","background-type":"","background-media":"","overlay-type":"","overlay-color":"","overlay-opacity":"","overlay-gradient":""},"mobile":{"background-color":"","background-image":"","background-repeat":"repeat","background-position":"center center","background-size":"auto","background-attachment":"scroll","background-type":"","background-media":"","overlay-type":"","overlay-color":"","overlay-opacity":"","overlay-gradient":""}},"ast-content-background-meta":{"desktop":{"background-color":"var(--ast-global-color-4)","background-image":"","background-repeat":"repeat","background-position":"center center","background-size":"auto","background-attachment":"scroll","background-type":"","background-media":"","overlay-type":"","overlay-color":"","overlay-opacity":"","overlay-gradient":""},"tablet":{"background-color":"var(--ast-global-color-4)","background-image":"","background-repeat":"repeat","background-position":"center center","background-size":"auto","background-attachment":"scroll","background-type":"","background-media":"","overlay-type":"","overlay-color":"","overlay-opacity":"","overlay-gradient":""},"mobile":{"background-color":"var(--ast-global-color-4)","background-image":"","background-repeat":"repeat","background-position":"center center","background-size":"auto","background-attachment":"scroll","background-type":"","background-media":"","overlay-type":"","overlay-color":"","overlay-opacity":"","overlay-gradient":""}},"ngg_post_thumbnail":0,"footnotes":""},"categories":[1],"tags":[],"class_list":["post-55986","post","type-post","status-publish","format-standard","hentry","category-bez-kategorii"],"uagb_featured_image_src":{"full":false,"thumbnail":false,"medium":false,"medium_large":false,"large":false,"1536x1536":false,"2048x2048":false},"uagb_author_info":{"display_name":"PMT","author_link":"https:\/\/sp5.pila.pl\/SP5\/author\/ludi\/"},"uagb_comment_info":0,"uagb_excerpt":"W tym tygodniu nasi uczniowie w wyj\u0105tkowy spos\u00f3b uczcili 107. rocznic\u0119 odzyskania przez Polsk\u0119 niepodleg\u0142o\u015bci.","_links":{"self":[{"href":"https:\/\/sp5.pila.pl\/SP5\/wp-json\/wp\/v2\/posts\/55986","targetHints":{"allow":["GET"]}}],"collection":[{"href":"https:\/\/sp5.pila.pl\/SP5\/wp-json\/wp\/v2\/posts"}],"about":[{"href":"https:\/\/sp5.pila.pl\/SP5\/wp-json\/wp\/v2\/types\/post"}],"author":[{"embeddable":true,"href":"https:\/\/sp5.pila.pl\/SP5\/wp-json\/wp\/v2\/users\/1"}],"replies":[{"embeddable":true,"href":"https:\/\/sp5.pila.pl\/SP5\/wp-json\/wp\/v2\/comments?post=55986"}],"version-history":[{"count":5,"href":"https:\/\/sp5.pila.pl\/SP5\/wp-json\/wp\/v2\/posts\/55986\/revisions"}],"predecessor-version":[{"id":56225,"href":"https:\/\/sp5.pila.pl\/SP5\/wp-json\/wp\/v2\/posts\/55986\/revisions\/56225"}],"wp:attachment":[{"href":"https:\/\/sp5.pila.pl\/SP5\/wp-json\/wp\/v2\/media?parent=55986"}],"wp:term":[{"taxonomy":"category","embeddable":true,"href":"https:\/\/sp5.pila.pl\/SP5\/wp-json\/wp\/v2\/categories?post=55986"},{"taxonomy":"post_tag","embeddable":true,"href":"https:\/\/sp5.pila.pl\/SP5\/wp-json\/wp\/v2\/tags?post=55986"}],"curies":[{"name":"wp","href":"https:\/\/api.w.org\/{rel}","templated":true}]}}