{"id":56074,"date":"2025-11-10T10:40:00","date_gmt":"2025-11-10T09:40:00","guid":{"rendered":"https:\/\/sp5.pila.pl\/SP5\/?p=56074"},"modified":"2025-11-13T13:23:32","modified_gmt":"2025-11-13T12:23:32","slug":"tydzien-patriotyczny-3","status":"publish","type":"post","link":"https:\/\/sp5.pila.pl\/SP5\/2025\/11\/10\/tydzien-patriotyczny-3\/","title":{"rendered":"Tydzie\u0144 patriotyczny"},"content":{"rendered":"\n<figure class=\"wp-block-image aligncenter size-full is-resized animated fadeInDown\"><img loading=\"lazy\" decoding=\"async\" width=\"350\" height=\"100\" src=\"https:\/\/sp5.pila.pl\/SP5\/wp-content\/uploads\/pobrane-55.jpg\" alt=\"\" class=\"wp-image-56075\" style=\"width:549px;height:auto\" srcset=\"https:\/\/sp5.pila.pl\/SP5\/wp-content\/uploads\/pobrane-55.jpg 350w, https:\/\/sp5.pila.pl\/SP5\/wp-content\/uploads\/pobrane-55-300x86.jpg 300w\" sizes=\"auto, (max-width: 350px) 100vw, 350px\" \/><\/figure>\n\n\n\n<p class=\"has-text-align-justify animated fadeInUp has-text-align-justify\">W budynku przy Niepodleg\u0142o\u015bci uczniowie klas I-III wzi\u0119li udzia\u0142 w Tygodniu Patriotycznym. Podejmowali dzia\u0142ania patriotyczne w swoich klasach oraz ca\u0142\u0105 spo\u0142eczno\u015bci\u0105 szkoln\u0105.<\/p>\n\n\n\n<!--more-->\n\n\n\n<p class=\"has-text-align-justify has-text-align-justify\">Dzieci ogl\u0105da\u0142y filmy edukacyjne, rozwi\u0105zywa\u0142y szkolny escape-room i wzi\u0119\u0142y udzia\u0142 w quizie wiedzy o Polsce. Nast\u0119pnie uczniowie wykonywali prace plastyczno- techniczne r\u00f3\u017cnymi technikami utrwalaj\u0105c symbole narodowe, pracowali w grupach wykonuj\u0105c plakaty. Wzi\u0119li r\u00f3wnie\u017c udzia\u0142 w lekcji historii przygotowanej przez Pani\u0105 Agnieszk\u0119 Skrypak-Schiller oraz obejrzeli pantomim\u0119 w wykonaniu klasy I c .<\/p>\n\n\n\n<p class=\"has-text-align-justify has-text-align-justify\">Na podsumowanie tygodnia szko\u0142a wzi\u0119\u0142a udzia\u0142 w przedsi\u0119wzi\u0119ciu Szko\u0142a do hymnu. Ca\u0142a szkolna spo\u0142eczno\u015b\u0107 o godzinie 11.11 zebra\u0142a si\u0119 na boisku szkolnym, aby wsp\u00f3lnie za\u015bpiewa\u0107 hymn Polski &#8222;Mazurka D\u0105browskiego&#8221;. Uczniowie recytowali ponadto &#8222;Katechizm polskiego dziecka&#8221; W\u0142adys\u0142awa Be\u0142zy oraz za\u015bpiewali radosn\u0105 piosenk\u0119 &#8222;Jeste\u015bmy Polk\u0105 i Polakiem&#8221; okazuj\u0105c rado\u015b\u0107 z tego, \u017ce \u017cyjemy w wolnej Polsce. Dzi\u0119kujemy wychowawcom klas za wsp\u00f3\u0142prac\u0119. <\/p>\n\n\n\n<p class=\"has-text-align-center\"><a href=\"https:\/\/sp5.pila.pl\/SP5\/galeria-2025-26\/nggallery\/album\/2025-11-10-tydzien-patriotyczny\">&gt;&gt;zobacz zdj\u0119cia&lt;&lt;<\/a><\/p>\n\n\n\n<figure class=\"wp-block-video\"><video height=\"576\" style=\"aspect-ratio: 1024 \/ 576;\" width=\"1024\" controls src=\"https:\/\/sp5.pila.pl\/SP5\/wp-content\/uploads\/att.m503NEXfTJP0EuWIGZskc0hD6Y4c_7CCJDO4xMlZtuc-2.mov\"><\/video><\/figure>\n\n\n\n<p class=\"has-text-align-center\"><\/p>\n\n\n\n<p class=\"has-text-align-right\">Koordynatorki projektu A.Siwiak-Koc, A.Skrypak-Schiller oraz E.Michalska<\/p>\n\n\n\n<p><\/p>\n","protected":false},"excerpt":{"rendered":"<p>W budynku przy Niepodleg\u0142o\u015bci uczniowie klas I-III wzi\u0119li udzia\u0142 w Tygodniu Patriotycznym. Podejmowali dzia\u0142ania patriotyczne w swoich klasach oraz ca\u0142\u0105 [&hellip;]<\/p>\n","protected":false},"author":5,"featured_media":0,"comment_status":"closed","ping_status":"closed","sticky":false,"template":"","format":"standard","meta":{"_editorskit_title_hidden":false,"_editorskit_reading_time":0,"_editorskit_is_block_options_detached":false,"_editorskit_block_options_position":"{}","rop_custom_images_group":[],"rop_custom_messages_group":[],"rop_publish_now":"yes","rop_publish_now_accounts":[],"rop_publish_now_history":[],"rop_publish_now_status":"pending","_uag_custom_page_level_css":"","site-sidebar-layout":"default","site-content-layout":"","ast-site-content-layout":"default","site-content-style":"default","site-sidebar-style":"default","ast-global-header-display":"","ast-banner-title-visibility":"","ast-main-header-display":"","ast-hfb-above-header-display":"","ast-hfb-below-header-display":"","ast-hfb-mobile-header-display":"","site-post-title":"","ast-breadcrumbs-content":"","ast-featured-img":"","footer-sml-layout":"","ast-disable-related-posts":"","theme-transparent-header-meta":"","adv-header-id-meta":"","stick-header-meta":"","header-above-stick-meta":"","header-main-stick-meta":"","header-below-stick-meta":"","astra-migrate-meta-layouts":"default","ast-page-background-enabled":"default","ast-page-background-meta":{"desktop":{"background-color":"var(--ast-global-color-5)","background-image":"","background-repeat":"repeat","background-position":"center center","background-size":"auto","background-attachment":"scroll","background-type":"","background-media":"","overlay-type":"","overlay-color":"","overlay-opacity":"","overlay-gradient":""},"tablet":{"background-color":"","background-image":"","background-repeat":"repeat","background-position":"center center","background-size":"auto","background-attachment":"scroll","background-type":"","background-media":"","overlay-type":"","overlay-color":"","overlay-opacity":"","overlay-gradient":""},"mobile":{"background-color":"","background-image":"","background-repeat":"repeat","background-position":"center center","background-size":"auto","background-attachment":"scroll","background-type":"","background-media":"","overlay-type":"","overlay-color":"","overlay-opacity":"","overlay-gradient":""}},"ast-content-background-meta":{"desktop":{"background-color":"var(--ast-global-color-4)","background-image":"","background-repeat":"repeat","background-position":"center center","background-size":"auto","background-attachment":"scroll","background-type":"","background-media":"","overlay-type":"","overlay-color":"","overlay-opacity":"","overlay-gradient":""},"tablet":{"background-color":"var(--ast-global-color-4)","background-image":"","background-repeat":"repeat","background-position":"center center","background-size":"auto","background-attachment":"scroll","background-type":"","background-media":"","overlay-type":"","overlay-color":"","overlay-opacity":"","overlay-gradient":""},"mobile":{"background-color":"var(--ast-global-color-4)","background-image":"","background-repeat":"repeat","background-position":"center center","background-size":"auto","background-attachment":"scroll","background-type":"","background-media":"","overlay-type":"","overlay-color":"","overlay-opacity":"","overlay-gradient":""}},"ngg_post_thumbnail":0,"footnotes":""},"categories":[1],"tags":[],"class_list":["post-56074","post","type-post","status-publish","format-standard","hentry","category-bez-kategorii"],"uagb_featured_image_src":{"full":false,"thumbnail":false,"medium":false,"medium_large":false,"large":false,"1536x1536":false,"2048x2048":false},"uagb_author_info":{"display_name":"Kasia","author_link":"https:\/\/sp5.pila.pl\/SP5\/author\/kasia\/"},"uagb_comment_info":0,"uagb_excerpt":"W budynku przy Niepodleg\u0142o\u015bci uczniowie klas I-III wzi\u0119li udzia\u0142 w Tygodniu Patriotycznym. Podejmowali dzia\u0142ania patriotyczne w swoich klasach oraz ca\u0142\u0105 [&hellip;]","_links":{"self":[{"href":"https:\/\/sp5.pila.pl\/SP5\/wp-json\/wp\/v2\/posts\/56074","targetHints":{"allow":["GET"]}}],"collection":[{"href":"https:\/\/sp5.pila.pl\/SP5\/wp-json\/wp\/v2\/posts"}],"about":[{"href":"https:\/\/sp5.pila.pl\/SP5\/wp-json\/wp\/v2\/types\/post"}],"author":[{"embeddable":true,"href":"https:\/\/sp5.pila.pl\/SP5\/wp-json\/wp\/v2\/users\/5"}],"replies":[{"embeddable":true,"href":"https:\/\/sp5.pila.pl\/SP5\/wp-json\/wp\/v2\/comments?post=56074"}],"version-history":[{"count":12,"href":"https:\/\/sp5.pila.pl\/SP5\/wp-json\/wp\/v2\/posts\/56074\/revisions"}],"predecessor-version":[{"id":56239,"href":"https:\/\/sp5.pila.pl\/SP5\/wp-json\/wp\/v2\/posts\/56074\/revisions\/56239"}],"wp:attachment":[{"href":"https:\/\/sp5.pila.pl\/SP5\/wp-json\/wp\/v2\/media?parent=56074"}],"wp:term":[{"taxonomy":"category","embeddable":true,"href":"https:\/\/sp5.pila.pl\/SP5\/wp-json\/wp\/v2\/categories?post=56074"},{"taxonomy":"post_tag","embeddable":true,"href":"https:\/\/sp5.pila.pl\/SP5\/wp-json\/wp\/v2\/tags?post=56074"}],"curies":[{"name":"wp","href":"https:\/\/api.w.org\/{rel}","templated":true}]}}