{"id":57830,"date":"2025-12-13T15:29:00","date_gmt":"2025-12-13T14:29:00","guid":{"rendered":"https:\/\/sp5.pila.pl\/SP5\/?p=57830"},"modified":"2025-12-16T11:39:22","modified_gmt":"2025-12-16T10:39:22","slug":"finaly-mistrzostw-powiatu-w-futsalu","status":"publish","type":"post","link":"https:\/\/sp5.pila.pl\/SP5\/2025\/12\/13\/finaly-mistrzostw-powiatu-w-futsalu\/","title":{"rendered":"Fina\u0142y Mistrzostw Powiatu w Futsalu"},"content":{"rendered":"\n<figure class=\"wp-block-image aligncenter size-large is-resized animated fadeInDown\"><img loading=\"lazy\" decoding=\"async\" width=\"1024\" height=\"473\" src=\"https:\/\/sp5.pila.pl\/SP5\/wp-content\/uploads\/20251213_102925-1024x473.jpg\" alt=\"\" class=\"wp-image-57831\" style=\"aspect-ratio:2.1649834003145205;width:730px;height:auto\" srcset=\"https:\/\/sp5.pila.pl\/SP5\/wp-content\/uploads\/20251213_102925-1024x473.jpg 1024w, https:\/\/sp5.pila.pl\/SP5\/wp-content\/uploads\/20251213_102925-300x139.jpg 300w, https:\/\/sp5.pila.pl\/SP5\/wp-content\/uploads\/20251213_102925-768x355.jpg 768w, https:\/\/sp5.pila.pl\/SP5\/wp-content\/uploads\/20251213_102925-1536x710.jpg 1536w, https:\/\/sp5.pila.pl\/SP5\/wp-content\/uploads\/20251213_102925-2048x946.jpg 2048w\" sizes=\"auto, (max-width: 1024px) 100vw, 1024px\" \/><\/figure>\n\n\n\n<p class=\"animated fadeInUp\">W sobot\u0119 13 grudnia w naszej szkole odby\u0142y si\u0119 fina\u0142y Mistrzostw Powiatu w Futsalu klas VII I VIII. <\/p>\n\n\n\n<!--more-->\n\n\n\n<p>Pomimo niew\u0105tpliwie du\u017cego sukcesu, zdobyli\u015bmy br\u0105zowy medal i jeste\u015bmy trzeci\u0105 dru\u017cyn\u0105 w powiecie pilskim. Zeszli\u015bmy z parkietu nie do ko\u0144ca zadowoleni, gdy\u017c oczekiwania by\u0142y wi\u0119ksze.\u00a0<\/p>\n\n\n\n<p>Klasyfikacja ko\u0144cowa<\/p>\n\n\n\n<p>I miejsce&nbsp;<\/p>\n\n\n\n<p>Szko\u0142a Podstawowa w Kruszewie<\/p>\n\n\n\n<p>II miejsce<\/p>\n\n\n\n<p>Szko\u0142a Podstawowa nr 3 w Pile<\/p>\n\n\n\n<p>III miejsce Szko\u0142a Podstawowa nr 5 w Pile<\/p>\n\n\n\n<p>Szko\u0142\u0119 reprezentowali ch\u0142opcy z klasy VIII a<\/p>\n\n\n\n<p>Patryk Ratajczyk<\/p>\n\n\n\n<p>B\u0142a\u017cej Weso\u0142owski<\/p>\n\n\n\n<p>Szymon Rydelski<\/p>\n\n\n\n<p>Jakub Szukaj\u0142o<\/p>\n\n\n\n<p>Kacper Jankun<\/p>\n\n\n\n<p>Kacper Nowak<\/p>\n\n\n\n<p>Nikodem Sotek<\/p>\n\n\n\n<p>Patryk Przewo\u017aniak<\/p>\n\n\n\n<p>Vladyslav Polishchuk<\/p>\n\n\n\n<p class=\"has-text-align-right\">A. Idzikowski<\/p>\n","protected":false},"excerpt":{"rendered":"<p>W sobot\u0119 13 grudnia w naszej szkole odby\u0142y si\u0119 fina\u0142y Mistrzostw Powiatu w Futsalu klas VII I VIII.<\/p>\n","protected":false},"author":5,"featured_media":0,"comment_status":"closed","ping_status":"closed","sticky":false,"template":"","format":"standard","meta":{"_editorskit_title_hidden":false,"_editorskit_reading_time":0,"_editorskit_is_block_options_detached":false,"_editorskit_block_options_position":"{}","rop_custom_images_group":[],"rop_custom_messages_group":[],"rop_publish_now":"yes","rop_publish_now_accounts":[],"rop_publish_now_history":[],"rop_publish_now_status":"pending","_uag_custom_page_level_css":"","site-sidebar-layout":"default","site-content-layout":"","ast-site-content-layout":"default","site-content-style":"default","site-sidebar-style":"default","ast-global-header-display":"","ast-banner-title-visibility":"","ast-main-header-display":"","ast-hfb-above-header-display":"","ast-hfb-below-header-display":"","ast-hfb-mobile-header-display":"","site-post-title":"","ast-breadcrumbs-content":"","ast-featured-img":"","footer-sml-layout":"","ast-disable-related-posts":"","theme-transparent-header-meta":"","adv-header-id-meta":"","stick-header-meta":"","header-above-stick-meta":"","header-main-stick-meta":"","header-below-stick-meta":"","astra-migrate-meta-layouts":"default","ast-page-background-enabled":"default","ast-page-background-meta":{"desktop":{"background-color":"var(--ast-global-color-5)","background-image":"","background-repeat":"repeat","background-position":"center center","background-size":"auto","background-attachment":"scroll","background-type":"","background-media":"","overlay-type":"","overlay-color":"","overlay-opacity":"","overlay-gradient":""},"tablet":{"background-color":"","background-image":"","background-repeat":"repeat","background-position":"center center","background-size":"auto","background-attachment":"scroll","background-type":"","background-media":"","overlay-type":"","overlay-color":"","overlay-opacity":"","overlay-gradient":""},"mobile":{"background-color":"","background-image":"","background-repeat":"repeat","background-position":"center center","background-size":"auto","background-attachment":"scroll","background-type":"","background-media":"","overlay-type":"","overlay-color":"","overlay-opacity":"","overlay-gradient":""}},"ast-content-background-meta":{"desktop":{"background-color":"var(--ast-global-color-4)","background-image":"","background-repeat":"repeat","background-position":"center center","background-size":"auto","background-attachment":"scroll","background-type":"","background-media":"","overlay-type":"","overlay-color":"","overlay-opacity":"","overlay-gradient":""},"tablet":{"background-color":"var(--ast-global-color-4)","background-image":"","background-repeat":"repeat","background-position":"center center","background-size":"auto","background-attachment":"scroll","background-type":"","background-media":"","overlay-type":"","overlay-color":"","overlay-opacity":"","overlay-gradient":""},"mobile":{"background-color":"var(--ast-global-color-4)","background-image":"","background-repeat":"repeat","background-position":"center center","background-size":"auto","background-attachment":"scroll","background-type":"","background-media":"","overlay-type":"","overlay-color":"","overlay-opacity":"","overlay-gradient":""}},"ngg_post_thumbnail":0,"footnotes":""},"categories":[1],"tags":[],"class_list":["post-57830","post","type-post","status-publish","format-standard","hentry","category-bez-kategorii"],"uagb_featured_image_src":{"full":false,"thumbnail":false,"medium":false,"medium_large":false,"large":false,"1536x1536":false,"2048x2048":false},"uagb_author_info":{"display_name":"Kasia","author_link":"https:\/\/sp5.pila.pl\/SP5\/author\/kasia\/"},"uagb_comment_info":0,"uagb_excerpt":"W sobot\u0119 13 grudnia w naszej szkole odby\u0142y si\u0119 fina\u0142y Mistrzostw Powiatu w Futsalu klas VII I VIII.","_links":{"self":[{"href":"https:\/\/sp5.pila.pl\/SP5\/wp-json\/wp\/v2\/posts\/57830","targetHints":{"allow":["GET"]}}],"collection":[{"href":"https:\/\/sp5.pila.pl\/SP5\/wp-json\/wp\/v2\/posts"}],"about":[{"href":"https:\/\/sp5.pila.pl\/SP5\/wp-json\/wp\/v2\/types\/post"}],"author":[{"embeddable":true,"href":"https:\/\/sp5.pila.pl\/SP5\/wp-json\/wp\/v2\/users\/5"}],"replies":[{"embeddable":true,"href":"https:\/\/sp5.pila.pl\/SP5\/wp-json\/wp\/v2\/comments?post=57830"}],"version-history":[{"count":3,"href":"https:\/\/sp5.pila.pl\/SP5\/wp-json\/wp\/v2\/posts\/57830\/revisions"}],"predecessor-version":[{"id":57835,"href":"https:\/\/sp5.pila.pl\/SP5\/wp-json\/wp\/v2\/posts\/57830\/revisions\/57835"}],"wp:attachment":[{"href":"https:\/\/sp5.pila.pl\/SP5\/wp-json\/wp\/v2\/media?parent=57830"}],"wp:term":[{"taxonomy":"category","embeddable":true,"href":"https:\/\/sp5.pila.pl\/SP5\/wp-json\/wp\/v2\/categories?post=57830"},{"taxonomy":"post_tag","embeddable":true,"href":"https:\/\/sp5.pila.pl\/SP5\/wp-json\/wp\/v2\/tags?post=57830"}],"curies":[{"name":"wp","href":"https:\/\/api.w.org\/{rel}","templated":true}]}}