{"id":58612,"date":"2026-02-12T11:53:58","date_gmt":"2026-02-12T10:53:58","guid":{"rendered":"https:\/\/sp5.pila.pl\/SP5\/?p=58612"},"modified":"2026-02-12T12:51:42","modified_gmt":"2026-02-12T11:51:42","slug":"luty-miesiac-plastiku","status":"publish","type":"post","link":"https:\/\/sp5.pila.pl\/SP5\/2026\/02\/12\/luty-miesiac-plastiku\/","title":{"rendered":"Luty-miesi\u0105c plastiku"},"content":{"rendered":"\n<figure class=\"wp-block-image aligncenter size-full is-resized\"><img loading=\"lazy\" decoding=\"async\" width=\"390\" height=\"129\" src=\"https:\/\/sp5.pila.pl\/SP5\/wp-content\/uploads\/images-16.png\" alt=\"\" class=\"wp-image-55902\" style=\"aspect-ratio:3.0236220472440944;width:312px;height:auto\" srcset=\"https:\/\/sp5.pila.pl\/SP5\/wp-content\/uploads\/images-16.png 390w, https:\/\/sp5.pila.pl\/SP5\/wp-content\/uploads\/images-16-300x99.png 300w\" sizes=\"auto, (max-width: 390px) 100vw, 390px\" \/><\/figure>\n\n\n\n<p class=\"has-text-align-justify animated fadeInUp has-text-align-justify\">Uczniowie klasy I b uczestniczyli w kolejnych zaj\u0119ciach realizowanych w ramach programu edukacyjnego klasy patronackiej Zwi\u0105zku Mi\u0119dzygminnego \u201ePRGOK\u201d.<\/p>\n\n\n\n<!--more-->\n\n\n\n<p class=\"has-text-align-justify has-text-align-justify\">Zaj\u0119cia rozpocz\u0119\u0142y si\u0119 od prezentacji przygotowanej przez Zwi\u0105zek Mi\u0119dzygminny \u201ePRGOK\u201d pt. \u201eJak nieprawid\u0142owa segregacja wp\u0142ywa na \u015bwiat?\u201d, podczas kt\u00f3rej om\u00f3wiono zagadnienia zwi\u0105zane z prawid\u0142ow\u0105 segregacj\u0105 odpad\u00f3w oraz jej znaczeniem dla \u015brodowiska naturalnego.\u00a0 Przekazano r\u00f3wnie\u017c ciekawostki na temat plastiku, jego w\u0142a\u015bciwo\u015bci oraz sposob\u00f3w wykorzystania.<\/p>\n\n\n\n<p>Nast\u0119pnie dzieci wykonywa\u0142y zadanie na karcie pracy &#8211; wykre\u015blank\u0119 polegaj\u0105c\u0105 na wyszukiwaniu podanych wyraz\u00f3w. Kolejnym elementem zaj\u0119\u0107 by\u0142 \u201ePlastik Quiz\u201d, kt\u00f3ry mia\u0142 na celu sprawdzenie i utrwalenie zdobytej wiedzy.<\/p>\n\n\n\n<p>W ramach zaj\u0119\u0107 edukacji technicznej pierwszoklasi\u015bci wykonali karmniki dla ptak\u00f3w z wykorzystaniem odpad\u00f3w. Po zako\u0144czeniu prac rozpocz\u0119to akcj\u0119 dokarmiania ptak\u00f3w &#8211; karmniki zosta\u0142y umieszczone na drzewach rosn\u0105cych wok\u00f3\u0142 szko\u0142y.<\/p>\n\n\n\n<p>Zaj\u0119cia mia\u0142y na celu kszta\u0142towanie postaw proekologicznych oraz rozwijanie \u015bwiadomo\u015bci ekologicznej uczni\u00f3w.<\/p>\n\n\n\n<p class=\"has-text-align-center\"><a href=\"https:\/\/sp5.pila.pl\/SP5\/galeria-2025-26\/nggallery\/album\/2026-02-12-luty-miesiac-plastiku\">>>zobacz zdj\u0119cia&lt;&lt;<\/a><\/p>\n\n\n\n<p class=\"has-text-align-right\">M. Prus<\/p>\n","protected":false},"excerpt":{"rendered":"<p>Uczniowie klasy I b uczestniczyli w kolejnych zaj\u0119ciach realizowanych w ramach programu edukacyjnego klasy patronackiej Zwi\u0105zku Mi\u0119dzygminnego \u201ePRGOK\u201d.<\/p>\n","protected":false},"author":5,"featured_media":0,"comment_status":"closed","ping_status":"closed","sticky":false,"template":"","format":"standard","meta":{"_editorskit_title_hidden":false,"_editorskit_reading_time":0,"_editorskit_is_block_options_detached":false,"_editorskit_block_options_position":"{}","rop_custom_images_group":[],"rop_custom_messages_group":[],"rop_publish_now":"yes","rop_publish_now_accounts":[],"rop_publish_now_history":[],"rop_publish_now_status":"pending","_uag_custom_page_level_css":"","site-sidebar-layout":"default","site-content-layout":"","ast-site-content-layout":"default","site-content-style":"default","site-sidebar-style":"default","ast-global-header-display":"","ast-banner-title-visibility":"","ast-main-header-display":"","ast-hfb-above-header-display":"","ast-hfb-below-header-display":"","ast-hfb-mobile-header-display":"","site-post-title":"","ast-breadcrumbs-content":"","ast-featured-img":"","footer-sml-layout":"","ast-disable-related-posts":"","theme-transparent-header-meta":"","adv-header-id-meta":"","stick-header-meta":"","header-above-stick-meta":"","header-main-stick-meta":"","header-below-stick-meta":"","astra-migrate-meta-layouts":"default","ast-page-background-enabled":"default","ast-page-background-meta":{"desktop":{"background-color":"var(--ast-global-color-5)","background-image":"","background-repeat":"repeat","background-position":"center center","background-size":"auto","background-attachment":"scroll","background-type":"","background-media":"","overlay-type":"","overlay-color":"","overlay-opacity":"","overlay-gradient":""},"tablet":{"background-color":"","background-image":"","background-repeat":"repeat","background-position":"center center","background-size":"auto","background-attachment":"scroll","background-type":"","background-media":"","overlay-type":"","overlay-color":"","overlay-opacity":"","overlay-gradient":""},"mobile":{"background-color":"","background-image":"","background-repeat":"repeat","background-position":"center center","background-size":"auto","background-attachment":"scroll","background-type":"","background-media":"","overlay-type":"","overlay-color":"","overlay-opacity":"","overlay-gradient":""}},"ast-content-background-meta":{"desktop":{"background-color":"var(--ast-global-color-4)","background-image":"","background-repeat":"repeat","background-position":"center center","background-size":"auto","background-attachment":"scroll","background-type":"","background-media":"","overlay-type":"","overlay-color":"","overlay-opacity":"","overlay-gradient":""},"tablet":{"background-color":"var(--ast-global-color-4)","background-image":"","background-repeat":"repeat","background-position":"center center","background-size":"auto","background-attachment":"scroll","background-type":"","background-media":"","overlay-type":"","overlay-color":"","overlay-opacity":"","overlay-gradient":""},"mobile":{"background-color":"var(--ast-global-color-4)","background-image":"","background-repeat":"repeat","background-position":"center center","background-size":"auto","background-attachment":"scroll","background-type":"","background-media":"","overlay-type":"","overlay-color":"","overlay-opacity":"","overlay-gradient":""}},"ngg_post_thumbnail":0,"footnotes":""},"categories":[1],"tags":[],"class_list":["post-58612","post","type-post","status-publish","format-standard","hentry","category-bez-kategorii"],"uagb_featured_image_src":{"full":false,"thumbnail":false,"medium":false,"medium_large":false,"large":false,"1536x1536":false,"2048x2048":false},"uagb_author_info":{"display_name":"Kasia","author_link":"https:\/\/sp5.pila.pl\/SP5\/author\/kasia\/"},"uagb_comment_info":0,"uagb_excerpt":"Uczniowie klasy I b uczestniczyli w kolejnych zaj\u0119ciach realizowanych w ramach programu edukacyjnego klasy patronackiej Zwi\u0105zku Mi\u0119dzygminnego \u201ePRGOK\u201d.","_links":{"self":[{"href":"https:\/\/sp5.pila.pl\/SP5\/wp-json\/wp\/v2\/posts\/58612","targetHints":{"allow":["GET"]}}],"collection":[{"href":"https:\/\/sp5.pila.pl\/SP5\/wp-json\/wp\/v2\/posts"}],"about":[{"href":"https:\/\/sp5.pila.pl\/SP5\/wp-json\/wp\/v2\/types\/post"}],"author":[{"embeddable":true,"href":"https:\/\/sp5.pila.pl\/SP5\/wp-json\/wp\/v2\/users\/5"}],"replies":[{"embeddable":true,"href":"https:\/\/sp5.pila.pl\/SP5\/wp-json\/wp\/v2\/comments?post=58612"}],"version-history":[{"count":3,"href":"https:\/\/sp5.pila.pl\/SP5\/wp-json\/wp\/v2\/posts\/58612\/revisions"}],"predecessor-version":[{"id":58629,"href":"https:\/\/sp5.pila.pl\/SP5\/wp-json\/wp\/v2\/posts\/58612\/revisions\/58629"}],"wp:attachment":[{"href":"https:\/\/sp5.pila.pl\/SP5\/wp-json\/wp\/v2\/media?parent=58612"}],"wp:term":[{"taxonomy":"category","embeddable":true,"href":"https:\/\/sp5.pila.pl\/SP5\/wp-json\/wp\/v2\/categories?post=58612"},{"taxonomy":"post_tag","embeddable":true,"href":"https:\/\/sp5.pila.pl\/SP5\/wp-json\/wp\/v2\/tags?post=58612"}],"curies":[{"name":"wp","href":"https:\/\/api.w.org\/{rel}","templated":true}]}}