{"id":58656,"date":"2026-02-13T12:39:06","date_gmt":"2026-02-13T11:39:06","guid":{"rendered":"https:\/\/sp5.pila.pl\/SP5\/?p=58656"},"modified":"2026-02-13T13:52:56","modified_gmt":"2026-02-13T12:52:56","slug":"male-gofrowo","status":"publish","type":"post","link":"https:\/\/sp5.pila.pl\/SP5\/2026\/02\/13\/male-gofrowo\/","title":{"rendered":"Ma\u0142e gofrowo"},"content":{"rendered":"\n<figure class=\"wp-block-image aligncenter size-full is-resized animated fadeInDown\"><img loading=\"lazy\" decoding=\"async\" width=\"612\" height=\"612\" src=\"https:\/\/sp5.pila.pl\/SP5\/wp-content\/uploads\/istockphoto-1309621089-612x612-1.jpg\" alt=\"\" class=\"wp-image-58657\" style=\"width:237px;height:auto\" srcset=\"https:\/\/sp5.pila.pl\/SP5\/wp-content\/uploads\/istockphoto-1309621089-612x612-1.jpg 612w, https:\/\/sp5.pila.pl\/SP5\/wp-content\/uploads\/istockphoto-1309621089-612x612-1-300x300.jpg 300w, https:\/\/sp5.pila.pl\/SP5\/wp-content\/uploads\/istockphoto-1309621089-612x612-1-150x150.jpg 150w\" sizes=\"auto, (max-width: 612px) 100vw, 612px\" \/><\/figure>\n\n\n\n<p class=\"has-text-align-justify animated fadeInUp has-text-align-justify\">W naszym przedszkolu pi\u0105tek 13 lutego up\u0142yn\u0105\u0142 pod znakiem chrupi\u0105cych pyszno\u015bci! Oddzia\u0142 I zamieni\u0142 swoj\u0105 sal\u0119 w prawdziw\u0105 kuchni\u0119, w kt\u00f3rej g\u0142\u00f3wn\u0105 rol\u0119 odegra\u0142y gofry!<\/p>\n\n\n\n<!--more-->\n\n\n\n<p class=\"has-text-align-justify has-text-align-justify\">Czego nauczyli si\u0119 nasi mali kucharze?<br>Cho\u0107 celem ko\u0144cowym by\u0142a pyszna degustacja, po drodze przedszkolaki zrealizowa\u0142y mn\u00f3stwo wa\u017cnych zada\u0144:<br>&#8211; wsp\u00f3lnie odmierza\u0142y szklanki m\u0105ki, liczy\u0142y jajka i sprawdza\u0142y, ile \u0142y\u017cek cukru potrzeba, by ciasto by\u0142o idealne. To by\u0142a doskona\u0142a lekcja obj\u0119to\u015bci i liczb!<br>&#8211; bada\u0142y faktur\u0119 sypkiej m\u0105ki, zapach cukru waniliowego i obserwowa\u0142y, jak p\u0142ynne ciasto pod wp\u0142ywem temperatury,zmienia si\u0119 w chrupi\u0105cy z\u0142ocisty kwadrat.<br>&#8211; czeka\u0142y, a\u017c gofrownica \u201eda sygna\u0142\u201d, \u017ce gofry s\u0105 gotowe. By\u0142o to nie lada wyzwaniem, ale nasze przedszkolaki spisa\u0142y si\u0119 na medal!<br>&#8211;  samodzielnie skomponowa\u0142y swoje dodatki. Na gofrach kr\u00f3lowa\u0142y \u015bwie\u017ce owoce, cukier puder i d\u017cem truskawkowy.<br>Zanim dzieci przyst\u0105pi\u0142y do pracy, przypomnia\u0142y sobie o najwa\u017cniejszych zasadach: dok\u0142adnym myciu r\u0105k, zak\u0142adaniu fartuszk\u00f3w oraz o tym, \u017ce niekt\u00f3re urz\u0105dzenia w kuchni s\u0105 bardzo gor\u0105ce i wymagaj\u0105 opieki doros\u0142ych.<\/p>\n\n\n\n<p>Dzi\u0119kujemy naszym Ma\u0142ym Kucharzom za wielkie zaanga\u017cowanie i&#8230; wsp\u00f3ln\u0105 uczt\u0119! Rodzicom dzi\u0119kujemy za dostarczenie produkt\u00f3w. Ju\u017c nie mo\u017cemy doczeka\u0107 si\u0119 kolejnych kulinarnych wyzwa\u0144.<\/p>\n\n\n\n<p class=\"has-text-align-center\"><a href=\"https:\/\/sp5.pila.pl\/SP5\/galeria-2025-26\/nggallery\/album\/2026-02-14-male-gofrowo\">&gt;&gt;zobacz zdj\u0119cia&lt;&lt;<\/a><\/p>\n\n\n\n<p class=\"has-text-align-right\">E. Lipiecka<\/p>\n","protected":false},"excerpt":{"rendered":"<p>W naszym przedszkolu pi\u0105tek 13 lutego up\u0142yn\u0105\u0142 pod znakiem chrupi\u0105cych pyszno\u015bci! Oddzia\u0142 I zamieni\u0142 swoj\u0105 sal\u0119 w prawdziw\u0105 kuchni\u0119, w [&hellip;]<\/p>\n","protected":false},"author":5,"featured_media":0,"comment_status":"closed","ping_status":"closed","sticky":false,"template":"","format":"standard","meta":{"_editorskit_title_hidden":false,"_editorskit_reading_time":0,"_editorskit_is_block_options_detached":false,"_editorskit_block_options_position":"{}","rop_custom_images_group":[],"rop_custom_messages_group":[],"rop_publish_now":"yes","rop_publish_now_accounts":[],"rop_publish_now_history":[],"rop_publish_now_status":"pending","_uag_custom_page_level_css":"","site-sidebar-layout":"default","site-content-layout":"","ast-site-content-layout":"default","site-content-style":"default","site-sidebar-style":"default","ast-global-header-display":"","ast-banner-title-visibility":"","ast-main-header-display":"","ast-hfb-above-header-display":"","ast-hfb-below-header-display":"","ast-hfb-mobile-header-display":"","site-post-title":"","ast-breadcrumbs-content":"","ast-featured-img":"","footer-sml-layout":"","ast-disable-related-posts":"","theme-transparent-header-meta":"","adv-header-id-meta":"","stick-header-meta":"","header-above-stick-meta":"","header-main-stick-meta":"","header-below-stick-meta":"","astra-migrate-meta-layouts":"default","ast-page-background-enabled":"default","ast-page-background-meta":{"desktop":{"background-color":"var(--ast-global-color-5)","background-image":"","background-repeat":"repeat","background-position":"center center","background-size":"auto","background-attachment":"scroll","background-type":"","background-media":"","overlay-type":"","overlay-color":"","overlay-opacity":"","overlay-gradient":""},"tablet":{"background-color":"","background-image":"","background-repeat":"repeat","background-position":"center center","background-size":"auto","background-attachment":"scroll","background-type":"","background-media":"","overlay-type":"","overlay-color":"","overlay-opacity":"","overlay-gradient":""},"mobile":{"background-color":"","background-image":"","background-repeat":"repeat","background-position":"center center","background-size":"auto","background-attachment":"scroll","background-type":"","background-media":"","overlay-type":"","overlay-color":"","overlay-opacity":"","overlay-gradient":""}},"ast-content-background-meta":{"desktop":{"background-color":"var(--ast-global-color-4)","background-image":"","background-repeat":"repeat","background-position":"center center","background-size":"auto","background-attachment":"scroll","background-type":"","background-media":"","overlay-type":"","overlay-color":"","overlay-opacity":"","overlay-gradient":""},"tablet":{"background-color":"var(--ast-global-color-4)","background-image":"","background-repeat":"repeat","background-position":"center center","background-size":"auto","background-attachment":"scroll","background-type":"","background-media":"","overlay-type":"","overlay-color":"","overlay-opacity":"","overlay-gradient":""},"mobile":{"background-color":"var(--ast-global-color-4)","background-image":"","background-repeat":"repeat","background-position":"center center","background-size":"auto","background-attachment":"scroll","background-type":"","background-media":"","overlay-type":"","overlay-color":"","overlay-opacity":"","overlay-gradient":""}},"ngg_post_thumbnail":0,"footnotes":""},"categories":[1],"tags":[],"class_list":["post-58656","post","type-post","status-publish","format-standard","hentry","category-bez-kategorii"],"uagb_featured_image_src":{"full":false,"thumbnail":false,"medium":false,"medium_large":false,"large":false,"1536x1536":false,"2048x2048":false},"uagb_author_info":{"display_name":"Kasia","author_link":"https:\/\/sp5.pila.pl\/SP5\/author\/kasia\/"},"uagb_comment_info":0,"uagb_excerpt":"W naszym przedszkolu pi\u0105tek 13 lutego up\u0142yn\u0105\u0142 pod znakiem chrupi\u0105cych pyszno\u015bci! Oddzia\u0142 I zamieni\u0142 swoj\u0105 sal\u0119 w prawdziw\u0105 kuchni\u0119, w [&hellip;]","_links":{"self":[{"href":"https:\/\/sp5.pila.pl\/SP5\/wp-json\/wp\/v2\/posts\/58656","targetHints":{"allow":["GET"]}}],"collection":[{"href":"https:\/\/sp5.pila.pl\/SP5\/wp-json\/wp\/v2\/posts"}],"about":[{"href":"https:\/\/sp5.pila.pl\/SP5\/wp-json\/wp\/v2\/types\/post"}],"author":[{"embeddable":true,"href":"https:\/\/sp5.pila.pl\/SP5\/wp-json\/wp\/v2\/users\/5"}],"replies":[{"embeddable":true,"href":"https:\/\/sp5.pila.pl\/SP5\/wp-json\/wp\/v2\/comments?post=58656"}],"version-history":[{"count":3,"href":"https:\/\/sp5.pila.pl\/SP5\/wp-json\/wp\/v2\/posts\/58656\/revisions"}],"predecessor-version":[{"id":58694,"href":"https:\/\/sp5.pila.pl\/SP5\/wp-json\/wp\/v2\/posts\/58656\/revisions\/58694"}],"wp:attachment":[{"href":"https:\/\/sp5.pila.pl\/SP5\/wp-json\/wp\/v2\/media?parent=58656"}],"wp:term":[{"taxonomy":"category","embeddable":true,"href":"https:\/\/sp5.pila.pl\/SP5\/wp-json\/wp\/v2\/categories?post=58656"},{"taxonomy":"post_tag","embeddable":true,"href":"https:\/\/sp5.pila.pl\/SP5\/wp-json\/wp\/v2\/tags?post=58656"}],"curies":[{"name":"wp","href":"https:\/\/api.w.org\/{rel}","templated":true}]}}