{"id":59262,"date":"2026-03-22T10:06:00","date_gmt":"2026-03-22T09:06:00","guid":{"rendered":"https:\/\/sp5.pila.pl\/SP5\/?p=59262"},"modified":"2026-03-27T10:08:05","modified_gmt":"2026-03-27T09:08:05","slug":"kreatywne-dni-nietypowe-w-przedszkolu","status":"publish","type":"post","link":"https:\/\/sp5.pila.pl\/SP5\/2026\/03\/22\/kreatywne-dni-nietypowe-w-przedszkolu\/","title":{"rendered":"Kreatywne Dni Nietypowe w przedszkolu"},"content":{"rendered":"\n<figure class=\"wp-block-image aligncenter size-large is-resized\"><img loading=\"lazy\" decoding=\"async\" width=\"1024\" height=\"1024\" src=\"https:\/\/sp5.pila.pl\/SP5\/wp-content\/uploads\/kalendarz-swiat-nietypowych-klasyczny.png-1024x1024.webp\" alt=\"\" class=\"wp-image-59263\" style=\"width:200px;height:auto\" srcset=\"https:\/\/sp5.pila.pl\/SP5\/wp-content\/uploads\/kalendarz-swiat-nietypowych-klasyczny.png-1024x1024.webp 1024w, https:\/\/sp5.pila.pl\/SP5\/wp-content\/uploads\/kalendarz-swiat-nietypowych-klasyczny.png-300x300.webp 300w, https:\/\/sp5.pila.pl\/SP5\/wp-content\/uploads\/kalendarz-swiat-nietypowych-klasyczny.png-150x150.webp 150w, https:\/\/sp5.pila.pl\/SP5\/wp-content\/uploads\/kalendarz-swiat-nietypowych-klasyczny.png-768x768.webp 768w, https:\/\/sp5.pila.pl\/SP5\/wp-content\/uploads\/kalendarz-swiat-nietypowych-klasyczny.png.webp 1080w\" sizes=\"auto, (max-width: 1024px) 100vw, 1024px\" \/><\/figure>\n\n\n\n<p class=\"has-text-align-justify has-text-align-justify\">W naszej plac\u00f3wce zako\u0144czyli\u015bmy realizacj\u0119 Og\u00f3lnopolskiego Projektu Edukacyjnego \u201eKreatywne Dni Nietypowe\u201d, w kt\u00f3rym dzieci mia\u0142y okazj\u0119 uczestniczy\u0107 w wielu ciekawych i rozwijaj\u0105cych aktywno\u015bciach. <\/p>\n\n\n\n<!--more-->\n\n\n\n<p class=\"has-text-align-justify has-text-align-justify\">Celem projektu by\u0142o urozmaicenie codziennych zaj\u0119\u0107 oraz rozwijanie kreatywno\u015bci, wsp\u00f3\u0142pracy i ciekawo\u015bci \u015bwiata poprzez wsp\u00f3lne \u015bwi\u0119towanie r\u00f3\u017cnych dni tematycznych.<\/p>\n\n\n\n<p class=\"has-text-align-justify has-text-align-justify\">W trakcie realizacji projektu dzieci obchodzi\u0142y m.in. Dzie\u0144 Jab\u0142ka, podczas kt\u00f3rego uczestniczy\u0142y w zaj\u0119ciach kulinarnych i poznawa\u0142y zdrowe produkty, \u015awiatowy Dzie\u0144 Zdrowia Psychicznego, rozmawiaj\u0105c o emocjach i dobrym samopoczuciu, a tak\u017ce Dzie\u0144 Edukacji Narodowej. Du\u017cym zainteresowaniem cieszy\u0142 si\u0119 Dzie\u0144 Gier Planszowych, kt\u00f3ry rozwija\u0142 wsp\u00f3\u0142prac\u0119 i logiczne my\u015blenie. Dzieci \u015bwi\u0119towa\u0142y r\u00f3wnie\u017c Dzie\u0144 Dyni, Dzie\u0144 Wynalazcy, Mi\u0119dzynarodowy Dzie\u0144 Praw Dziecka, \u015awiatowy Dzie\u0144 \u017byczliwo\u015bci oraz \u015awiatowy Dzie\u0144 Puzzli.<\/p>\n\n\n\n<p class=\"has-text-align-justify has-text-align-justify\">Udzia\u0142 w projekcie by\u0142 dla dzieci okazj\u0105 do zdobywania nowych do\u015bwiadcze\u0144, rozwijania umiej\u0119tno\u015bci spo\u0142ecznych oraz wsp\u00f3lnej, radosnej zabawy.<\/p>\n\n\n\n<p class=\"has-text-align-center\"><a href=\"https:\/\/sp5.pila.pl\/SP5\/galeria-2025-26\/nggallery\/album\/2026-03-23-kreatywne-dni-nietypowe-w-przedszkolu\">>>zobacz zdj\u0119cia&lt;&lt;<\/a><\/p>\n\n\n\n<p class=\"has-text-align-right\">W. Galczak<\/p>\n\n\n\n<p><\/p>\n","protected":false},"excerpt":{"rendered":"<p>W naszej plac\u00f3wce zako\u0144czyli\u015bmy realizacj\u0119 Og\u00f3lnopolskiego Projektu Edukacyjnego \u201eKreatywne Dni Nietypowe\u201d, w kt\u00f3rym dzieci mia\u0142y okazj\u0119 uczestniczy\u0107 w wielu ciekawych [&hellip;]<\/p>\n","protected":false},"author":5,"featured_media":0,"comment_status":"closed","ping_status":"closed","sticky":false,"template":"","format":"standard","meta":{"_editorskit_title_hidden":false,"_editorskit_reading_time":0,"_editorskit_is_block_options_detached":false,"_editorskit_block_options_position":"{}","rop_custom_images_group":[],"rop_custom_messages_group":[],"rop_publish_now":"yes","rop_publish_now_accounts":[],"rop_publish_now_history":[],"rop_publish_now_status":"pending","_uag_custom_page_level_css":"","site-sidebar-layout":"default","site-content-layout":"","ast-site-content-layout":"default","site-content-style":"default","site-sidebar-style":"default","ast-global-header-display":"","ast-banner-title-visibility":"","ast-main-header-display":"","ast-hfb-above-header-display":"","ast-hfb-below-header-display":"","ast-hfb-mobile-header-display":"","site-post-title":"","ast-breadcrumbs-content":"","ast-featured-img":"","footer-sml-layout":"","ast-disable-related-posts":"","theme-transparent-header-meta":"","adv-header-id-meta":"","stick-header-meta":"","header-above-stick-meta":"","header-main-stick-meta":"","header-below-stick-meta":"","astra-migrate-meta-layouts":"default","ast-page-background-enabled":"default","ast-page-background-meta":{"desktop":{"background-color":"var(--ast-global-color-5)","background-image":"","background-repeat":"repeat","background-position":"center center","background-size":"auto","background-attachment":"scroll","background-type":"","background-media":"","overlay-type":"","overlay-color":"","overlay-opacity":"","overlay-gradient":""},"tablet":{"background-color":"","background-image":"","background-repeat":"repeat","background-position":"center center","background-size":"auto","background-attachment":"scroll","background-type":"","background-media":"","overlay-type":"","overlay-color":"","overlay-opacity":"","overlay-gradient":""},"mobile":{"background-color":"","background-image":"","background-repeat":"repeat","background-position":"center center","background-size":"auto","background-attachment":"scroll","background-type":"","background-media":"","overlay-type":"","overlay-color":"","overlay-opacity":"","overlay-gradient":""}},"ast-content-background-meta":{"desktop":{"background-color":"var(--ast-global-color-4)","background-image":"","background-repeat":"repeat","background-position":"center center","background-size":"auto","background-attachment":"scroll","background-type":"","background-media":"","overlay-type":"","overlay-color":"","overlay-opacity":"","overlay-gradient":""},"tablet":{"background-color":"var(--ast-global-color-4)","background-image":"","background-repeat":"repeat","background-position":"center center","background-size":"auto","background-attachment":"scroll","background-type":"","background-media":"","overlay-type":"","overlay-color":"","overlay-opacity":"","overlay-gradient":""},"mobile":{"background-color":"var(--ast-global-color-4)","background-image":"","background-repeat":"repeat","background-position":"center center","background-size":"auto","background-attachment":"scroll","background-type":"","background-media":"","overlay-type":"","overlay-color":"","overlay-opacity":"","overlay-gradient":""}},"ngg_post_thumbnail":0,"footnotes":""},"categories":[1],"tags":[],"class_list":["post-59262","post","type-post","status-publish","format-standard","hentry","category-bez-kategorii"],"uagb_featured_image_src":{"full":false,"thumbnail":false,"medium":false,"medium_large":false,"large":false,"1536x1536":false,"2048x2048":false},"uagb_author_info":{"display_name":"Kasia","author_link":"https:\/\/sp5.pila.pl\/SP5\/author\/kasia\/"},"uagb_comment_info":0,"uagb_excerpt":"W naszej plac\u00f3wce zako\u0144czyli\u015bmy realizacj\u0119 Og\u00f3lnopolskiego Projektu Edukacyjnego \u201eKreatywne Dni Nietypowe\u201d, w kt\u00f3rym dzieci mia\u0142y okazj\u0119 uczestniczy\u0107 w wielu ciekawych [&hellip;]","_links":{"self":[{"href":"https:\/\/sp5.pila.pl\/SP5\/wp-json\/wp\/v2\/posts\/59262","targetHints":{"allow":["GET"]}}],"collection":[{"href":"https:\/\/sp5.pila.pl\/SP5\/wp-json\/wp\/v2\/posts"}],"about":[{"href":"https:\/\/sp5.pila.pl\/SP5\/wp-json\/wp\/v2\/types\/post"}],"author":[{"embeddable":true,"href":"https:\/\/sp5.pila.pl\/SP5\/wp-json\/wp\/v2\/users\/5"}],"replies":[{"embeddable":true,"href":"https:\/\/sp5.pila.pl\/SP5\/wp-json\/wp\/v2\/comments?post=59262"}],"version-history":[{"count":1,"href":"https:\/\/sp5.pila.pl\/SP5\/wp-json\/wp\/v2\/posts\/59262\/revisions"}],"predecessor-version":[{"id":59264,"href":"https:\/\/sp5.pila.pl\/SP5\/wp-json\/wp\/v2\/posts\/59262\/revisions\/59264"}],"wp:attachment":[{"href":"https:\/\/sp5.pila.pl\/SP5\/wp-json\/wp\/v2\/media?parent=59262"}],"wp:term":[{"taxonomy":"category","embeddable":true,"href":"https:\/\/sp5.pila.pl\/SP5\/wp-json\/wp\/v2\/categories?post=59262"},{"taxonomy":"post_tag","embeddable":true,"href":"https:\/\/sp5.pila.pl\/SP5\/wp-json\/wp\/v2\/tags?post=59262"}],"curies":[{"name":"wp","href":"https:\/\/api.w.org\/{rel}","templated":true}]}}