{"id":59722,"date":"2026-04-24T13:43:00","date_gmt":"2026-04-24T11:43:00","guid":{"rendered":"https:\/\/sp5.pila.pl\/SP5\/?p=59722"},"modified":"2026-04-27T13:51:58","modified_gmt":"2026-04-27T11:51:58","slug":"przedszkolaki-w-bibliotece-6","status":"publish","type":"post","link":"https:\/\/sp5.pila.pl\/SP5\/2026\/04\/24\/przedszkolaki-w-bibliotece-6\/","title":{"rendered":"Przedszkolaki w bibliotece"},"content":{"rendered":"\n<figure class=\"wp-block-image aligncenter size-full is-resized animated fadeInDown\"><img loading=\"lazy\" decoding=\"async\" width=\"750\" height=\"500\" src=\"https:\/\/sp5.pila.pl\/SP5\/wp-content\/uploads\/ZiemiaNiebieskaPlanetaS.jpg\" alt=\"\" class=\"wp-image-59723\" style=\"width:262px;height:auto\" srcset=\"https:\/\/sp5.pila.pl\/SP5\/wp-content\/uploads\/ZiemiaNiebieskaPlanetaS.jpg 750w, https:\/\/sp5.pila.pl\/SP5\/wp-content\/uploads\/ZiemiaNiebieskaPlanetaS-300x200.jpg 300w\" sizes=\"auto, (max-width: 750px) 100vw, 750px\" \/><\/figure>\n\n\n\n<p class=\"has-text-align-justify animated fadeInUp has-text-align-justify\">21 i 24 kwietnia dzieci z Oddzia\u0142u III i II uczestniczy\u0142y w spotkaniu edukacyjnym:,, Dbamy o Ziemi\u0119&#8221;, kt\u00f3re odby\u0142o si\u0119 w Publicznej Bibliotece Pedagogicznej w Pile. <\/p>\n\n\n\n<!--more-->\n\n\n\n<p class=\"has-text-align-justify has-text-align-justify\">Pani Ma\u0142gorzata Olejnik, pracownik biblioteki, przygotowa\u0142a dla swoich go\u015bci bardzo ciekawe i pouczaj\u0105ce zaj\u0119cia. Przedszkolaki wys\u0142ucha\u0142y teatrzyku kamishibai: \u201eNa tropie \u015amieciowego potwora\u201d, kt\u00f3ry w przyst\u0119pny spos\u00f3b przybli\u017cy\u0142 im temat zwi\u0105zany z ochron\u0105 \u015brodowiska i w\u0142a\u015bciwego post\u0119powania z odpadami.<br>Wszystkie dzieci ch\u0119tnie wypowiada\u0142y si\u0119 na temat tre\u015bci bajki, dzieli\u0142y si\u0119 swoimi spostrze\u017ceniami oraz wsp\u00f3lnie wyci\u0105ga\u0142y wnioski dotycz\u0105ce dbania o planet\u0119. Podczas zaj\u0119\u0107 wzbogaci\u0142y swoje s\u0142ownictwo o nowe poj\u0119cia:\u00a0 \u201edetektyw\u201d i \u201erecykling\u201d.<br>Ponadto przedszkolaki bra\u0142y udzia\u0142 w zabawach rozwijaj\u0105cych spostrzegawczo\u015b\u0107, wyszukuj\u0105c szczeg\u00f3\u0142y na plakacie oraz uk\u0142ada\u0142y obrazek z napisem przedstawiaj\u0105cy znak recyklingu. Du\u017cym zainteresowaniem cieszy\u0142a si\u0119 zabawa dydaktyczna: \u201eSegregacja\u201d, podczas kt\u00f3rej dzieci przyporz\u0105dkowywa\u0142y obrazki odpad\u00f3w do odpowiednich pojemnik\u00f3w. R\u00f3wnie atrakcyjne okaza\u0142y si\u0119 zadania na tablicy multimedialnej.<br>Upami\u0119tnieniem spotkania by\u0142o wsp\u00f3lne zdj\u0119cie najstarszych przedszkolak\u00f3w z pani\u0105 Ma\u0142gorzat\u0105. Zaj\u0119cia w bibliotece przebiega\u0142y w radosnej i mi\u0142ej atmosferze i z\u00a0 pewno\u015bci\u0105 przyczyni\u0142y si\u0119 do utrwalenia postaw proekologicznych w\u015br\u00f3d dzieci.<br>Nast\u0119pnego dnia 5 i 6-latki aktywnie w\u0142\u0105czy\u0142y si\u0119 w akcj\u0119 sprz\u0105tania najbli\u017cszej okolicy przedszkola.\u00a0<\/p>\n\n\n\n<p class=\"has-text-align-center\"><a href=\"https:\/\/sp5.pila.pl\/SP5\/galeria-2025-26\/nggallery\/album\/2026-04-24-przedszkolaki-w-bibliotece\">>>zobacz zdj\u0119cia&lt;&lt;<\/a><\/p>\n\n\n\n<p class=\"has-text-align-right\">Joanna G\u00f3ra, Joanna J\u0119drzejak\u00a0<\/p>\n","protected":false},"excerpt":{"rendered":"<p>21 i 24 kwietnia dzieci z Oddzia\u0142u III i II uczestniczy\u0142y w spotkaniu edukacyjnym:,, Dbamy o Ziemi\u0119&#8221;, kt\u00f3re odby\u0142o si\u0119 [&hellip;]<\/p>\n","protected":false},"author":5,"featured_media":0,"comment_status":"closed","ping_status":"closed","sticky":false,"template":"","format":"standard","meta":{"_editorskit_title_hidden":false,"_editorskit_reading_time":0,"_editorskit_is_block_options_detached":false,"_editorskit_block_options_position":"{}","rop_custom_images_group":[],"rop_custom_messages_group":[],"rop_publish_now":"yes","rop_publish_now_accounts":[],"rop_publish_now_history":[],"rop_publish_now_status":"pending","_uag_custom_page_level_css":"","site-sidebar-layout":"default","site-content-layout":"","ast-site-content-layout":"default","site-content-style":"default","site-sidebar-style":"default","ast-global-header-display":"","ast-banner-title-visibility":"","ast-main-header-display":"","ast-hfb-above-header-display":"","ast-hfb-below-header-display":"","ast-hfb-mobile-header-display":"","site-post-title":"","ast-breadcrumbs-content":"","ast-featured-img":"","footer-sml-layout":"","ast-disable-related-posts":"","theme-transparent-header-meta":"","adv-header-id-meta":"","stick-header-meta":"","header-above-stick-meta":"","header-main-stick-meta":"","header-below-stick-meta":"","astra-migrate-meta-layouts":"default","ast-page-background-enabled":"default","ast-page-background-meta":{"desktop":{"background-color":"var(--ast-global-color-5)","background-image":"","background-repeat":"repeat","background-position":"center center","background-size":"auto","background-attachment":"scroll","background-type":"","background-media":"","overlay-type":"","overlay-color":"","overlay-opacity":"","overlay-gradient":""},"tablet":{"background-color":"","background-image":"","background-repeat":"repeat","background-position":"center center","background-size":"auto","background-attachment":"scroll","background-type":"","background-media":"","overlay-type":"","overlay-color":"","overlay-opacity":"","overlay-gradient":""},"mobile":{"background-color":"","background-image":"","background-repeat":"repeat","background-position":"center center","background-size":"auto","background-attachment":"scroll","background-type":"","background-media":"","overlay-type":"","overlay-color":"","overlay-opacity":"","overlay-gradient":""}},"ast-content-background-meta":{"desktop":{"background-color":"var(--ast-global-color-4)","background-image":"","background-repeat":"repeat","background-position":"center center","background-size":"auto","background-attachment":"scroll","background-type":"","background-media":"","overlay-type":"","overlay-color":"","overlay-opacity":"","overlay-gradient":""},"tablet":{"background-color":"var(--ast-global-color-4)","background-image":"","background-repeat":"repeat","background-position":"center center","background-size":"auto","background-attachment":"scroll","background-type":"","background-media":"","overlay-type":"","overlay-color":"","overlay-opacity":"","overlay-gradient":""},"mobile":{"background-color":"var(--ast-global-color-4)","background-image":"","background-repeat":"repeat","background-position":"center center","background-size":"auto","background-attachment":"scroll","background-type":"","background-media":"","overlay-type":"","overlay-color":"","overlay-opacity":"","overlay-gradient":""}},"ngg_post_thumbnail":0,"footnotes":""},"categories":[1],"tags":[],"class_list":["post-59722","post","type-post","status-publish","format-standard","hentry","category-bez-kategorii"],"uagb_featured_image_src":{"full":false,"thumbnail":false,"medium":false,"medium_large":false,"large":false,"1536x1536":false,"2048x2048":false},"uagb_author_info":{"display_name":"Kasia","author_link":"https:\/\/sp5.pila.pl\/SP5\/author\/kasia\/"},"uagb_comment_info":0,"uagb_excerpt":"21 i 24 kwietnia dzieci z Oddzia\u0142u III i II uczestniczy\u0142y w spotkaniu edukacyjnym:,, Dbamy o Ziemi\u0119&#8221;, kt\u00f3re odby\u0142o si\u0119 [&hellip;]","_links":{"self":[{"href":"https:\/\/sp5.pila.pl\/SP5\/wp-json\/wp\/v2\/posts\/59722","targetHints":{"allow":["GET"]}}],"collection":[{"href":"https:\/\/sp5.pila.pl\/SP5\/wp-json\/wp\/v2\/posts"}],"about":[{"href":"https:\/\/sp5.pila.pl\/SP5\/wp-json\/wp\/v2\/types\/post"}],"author":[{"embeddable":true,"href":"https:\/\/sp5.pila.pl\/SP5\/wp-json\/wp\/v2\/users\/5"}],"replies":[{"embeddable":true,"href":"https:\/\/sp5.pila.pl\/SP5\/wp-json\/wp\/v2\/comments?post=59722"}],"version-history":[{"count":2,"href":"https:\/\/sp5.pila.pl\/SP5\/wp-json\/wp\/v2\/posts\/59722\/revisions"}],"predecessor-version":[{"id":59725,"href":"https:\/\/sp5.pila.pl\/SP5\/wp-json\/wp\/v2\/posts\/59722\/revisions\/59725"}],"wp:attachment":[{"href":"https:\/\/sp5.pila.pl\/SP5\/wp-json\/wp\/v2\/media?parent=59722"}],"wp:term":[{"taxonomy":"category","embeddable":true,"href":"https:\/\/sp5.pila.pl\/SP5\/wp-json\/wp\/v2\/categories?post=59722"},{"taxonomy":"post_tag","embeddable":true,"href":"https:\/\/sp5.pila.pl\/SP5\/wp-json\/wp\/v2\/tags?post=59722"}],"curies":[{"name":"wp","href":"https:\/\/api.w.org\/{rel}","templated":true}]}}