{"id":59802,"date":"2026-04-23T14:11:00","date_gmt":"2026-04-23T12:11:00","guid":{"rendered":"https:\/\/sp5.pila.pl\/SP5\/?p=59802"},"modified":"2026-04-28T11:33:12","modified_gmt":"2026-04-28T09:33:12","slug":"swiatowy-dzien-jezyka-angielskiego-w-przedszkolu","status":"publish","type":"post","link":"https:\/\/sp5.pila.pl\/SP5\/2026\/04\/23\/swiatowy-dzien-jezyka-angielskiego-w-przedszkolu\/","title":{"rendered":"\u015awiatowy Dzie\u0144 J\u0119zyka Angielskiego w przedszkolu"},"content":{"rendered":"\n<figure class=\"wp-block-image aligncenter size-full is-resized animated fadeInDown\"><img loading=\"lazy\" decoding=\"async\" width=\"599\" height=\"417\" src=\"https:\/\/sp5.pila.pl\/SP5\/wp-content\/uploads\/159-9636.jpg\" alt=\"\" class=\"wp-image-59809\" style=\"aspect-ratio:1.4365210222588622;width:285px;height:auto\" srcset=\"https:\/\/sp5.pila.pl\/SP5\/wp-content\/uploads\/159-9636.jpg 599w, https:\/\/sp5.pila.pl\/SP5\/wp-content\/uploads\/159-9636-300x209.jpg 300w\" sizes=\"auto, (max-width: 599px) 100vw, 599px\" \/><\/figure>\n\n\n\n<p class=\"has-text-align-justify animated fadeInUp has-text-align-justify\">W czwartek, 23 kwietnia, w naszym przedszkolu obchodzili\u015bmy \u015awiatowy Dzie\u0144 J\u0119zyka Angielskiego. <\/p>\n\n\n\n<!--more-->\n\n\n\n<p class=\"has-text-align-justify has-text-align-justify\">Tego dnia wszystkie grupy spotka\u0142y si\u0119 na sali, aby wsp\u00f3lnie \u015bwi\u0119towa\u0107 i uczestniczy\u0107 w przygotowanych aktywno\u015bciach.<\/p>\n\n\n\n<p class=\"has-text-align-justify has-text-align-justify\">Dzieci wyruszy\u0142y w wyj\u0105tkow\u0105 podr\u00f3\u017c po krajach angloj\u0119zycznych \u2013 Kanadzie, Australii, Wielkiej Brytanii oraz Stanach Zjednoczonych. Ka\u017cdy z tych kierunk\u00f3w stanowi\u0142 osobn\u0105 stacj\u0119 zadaniow\u0105, na kt\u00f3rej przedszkolaki wykonywa\u0142y r\u00f3\u017cnorodne zadania i poznawa\u0142y charakterystyczne symbole oraz ciekawostki zwi\u0105zane z danym krajem. Dzieci pozna\u0142y m.in. australijskie zwierz\u0119ta, czerwony pi\u0119trowy autobus z Wielkiej Brytanii, Statu\u0119 Wolno\u015bci w USA oraz symbolik\u0119 flagi Kanady, jednocze\u015bnie ucz\u0105c si\u0119 nowych s\u0142\u00f3wek w j\u0119zyku angielskim.<\/p>\n\n\n\n<p>Ka\u017cde wykonane zadanie by\u0142o potwierdzane piecz\u0105tk\u0105 w paszporcie, kt\u00f3ry otrzyma\u0142y dzieci na pocz\u0105tku wydarzenia. Zdobycie czterech piecz\u0105tek wi\u0105za\u0142o si\u0119 z otrzymaniem imiennego paszportu podr\u00f3\u017cnika.<\/p>\n\n\n\n<p>Pomi\u0119dzy stacjami odbywa\u0142y si\u0119 przerwy ruchowe, podczas kt\u00f3rych dzieci utrwala\u0142y poznane s\u0142ownictwo poprzez zabaw\u0119, muzyk\u0119 i ruch.<\/p>\n\n\n\n<p>Dodatkow\u0105 atrakcj\u0105 tego dnia by\u0142o przygotowanie ca\u0142odziennego wy\u017cywienia w stylu angielskim, kt\u00f3re pozwoli\u0142o dzieciom jeszcze lepiej poczu\u0107 klimat obchodzonego \u015bwi\u0119ta.<\/p>\n\n\n\n<p class=\"has-text-align-center\"><a href=\"https:\/\/sp5.pila.pl\/SP5\/galeria-2025-26\/nggallery\/album\/2026-04-23-swiatowy-dzien-jezyka-angielskiego-w-przedszkolu\">>>zobacz zdj\u0119cia&lt;&lt;<\/a><\/p>\n\n\n\n<p class=\"has-text-align-right\">K. Pilarczyk, I. Kownacka<\/p>\n","protected":false},"excerpt":{"rendered":"<p>W czwartek, 23 kwietnia, w naszym przedszkolu obchodzili\u015bmy \u015awiatowy Dzie\u0144 J\u0119zyka Angielskiego.<\/p>\n","protected":false},"author":5,"featured_media":0,"comment_status":"closed","ping_status":"closed","sticky":false,"template":"","format":"standard","meta":{"_editorskit_title_hidden":false,"_editorskit_reading_time":0,"_editorskit_is_block_options_detached":false,"_editorskit_block_options_position":"{}","rop_custom_images_group":[],"rop_custom_messages_group":[],"rop_publish_now":"yes","rop_publish_now_accounts":[],"rop_publish_now_history":[],"rop_publish_now_status":"pending","_uag_custom_page_level_css":"","site-sidebar-layout":"default","site-content-layout":"","ast-site-content-layout":"default","site-content-style":"default","site-sidebar-style":"default","ast-global-header-display":"","ast-banner-title-visibility":"","ast-main-header-display":"","ast-hfb-above-header-display":"","ast-hfb-below-header-display":"","ast-hfb-mobile-header-display":"","site-post-title":"","ast-breadcrumbs-content":"","ast-featured-img":"","footer-sml-layout":"","ast-disable-related-posts":"","theme-transparent-header-meta":"","adv-header-id-meta":"","stick-header-meta":"","header-above-stick-meta":"","header-main-stick-meta":"","header-below-stick-meta":"","astra-migrate-meta-layouts":"default","ast-page-background-enabled":"default","ast-page-background-meta":{"desktop":{"background-color":"var(--ast-global-color-5)","background-image":"","background-repeat":"repeat","background-position":"center center","background-size":"auto","background-attachment":"scroll","background-type":"","background-media":"","overlay-type":"","overlay-color":"","overlay-opacity":"","overlay-gradient":""},"tablet":{"background-color":"","background-image":"","background-repeat":"repeat","background-position":"center center","background-size":"auto","background-attachment":"scroll","background-type":"","background-media":"","overlay-type":"","overlay-color":"","overlay-opacity":"","overlay-gradient":""},"mobile":{"background-color":"","background-image":"","background-repeat":"repeat","background-position":"center center","background-size":"auto","background-attachment":"scroll","background-type":"","background-media":"","overlay-type":"","overlay-color":"","overlay-opacity":"","overlay-gradient":""}},"ast-content-background-meta":{"desktop":{"background-color":"var(--ast-global-color-4)","background-image":"","background-repeat":"repeat","background-position":"center center","background-size":"auto","background-attachment":"scroll","background-type":"","background-media":"","overlay-type":"","overlay-color":"","overlay-opacity":"","overlay-gradient":""},"tablet":{"background-color":"var(--ast-global-color-4)","background-image":"","background-repeat":"repeat","background-position":"center center","background-size":"auto","background-attachment":"scroll","background-type":"","background-media":"","overlay-type":"","overlay-color":"","overlay-opacity":"","overlay-gradient":""},"mobile":{"background-color":"var(--ast-global-color-4)","background-image":"","background-repeat":"repeat","background-position":"center center","background-size":"auto","background-attachment":"scroll","background-type":"","background-media":"","overlay-type":"","overlay-color":"","overlay-opacity":"","overlay-gradient":""}},"ngg_post_thumbnail":0,"footnotes":""},"categories":[1],"tags":[],"class_list":["post-59802","post","type-post","status-publish","format-standard","hentry","category-bez-kategorii"],"uagb_featured_image_src":{"full":false,"thumbnail":false,"medium":false,"medium_large":false,"large":false,"1536x1536":false,"2048x2048":false},"uagb_author_info":{"display_name":"Kasia","author_link":"https:\/\/sp5.pila.pl\/SP5\/author\/kasia\/"},"uagb_comment_info":0,"uagb_excerpt":"W czwartek, 23 kwietnia, w naszym przedszkolu obchodzili\u015bmy \u015awiatowy Dzie\u0144 J\u0119zyka Angielskiego.","_links":{"self":[{"href":"https:\/\/sp5.pila.pl\/SP5\/wp-json\/wp\/v2\/posts\/59802","targetHints":{"allow":["GET"]}}],"collection":[{"href":"https:\/\/sp5.pila.pl\/SP5\/wp-json\/wp\/v2\/posts"}],"about":[{"href":"https:\/\/sp5.pila.pl\/SP5\/wp-json\/wp\/v2\/types\/post"}],"author":[{"embeddable":true,"href":"https:\/\/sp5.pila.pl\/SP5\/wp-json\/wp\/v2\/users\/5"}],"replies":[{"embeddable":true,"href":"https:\/\/sp5.pila.pl\/SP5\/wp-json\/wp\/v2\/comments?post=59802"}],"version-history":[{"count":3,"href":"https:\/\/sp5.pila.pl\/SP5\/wp-json\/wp\/v2\/posts\/59802\/revisions"}],"predecessor-version":[{"id":59869,"href":"https:\/\/sp5.pila.pl\/SP5\/wp-json\/wp\/v2\/posts\/59802\/revisions\/59869"}],"wp:attachment":[{"href":"https:\/\/sp5.pila.pl\/SP5\/wp-json\/wp\/v2\/media?parent=59802"}],"wp:term":[{"taxonomy":"category","embeddable":true,"href":"https:\/\/sp5.pila.pl\/SP5\/wp-json\/wp\/v2\/categories?post=59802"},{"taxonomy":"post_tag","embeddable":true,"href":"https:\/\/sp5.pila.pl\/SP5\/wp-json\/wp\/v2\/tags?post=59802"}],"curies":[{"name":"wp","href":"https:\/\/api.w.org\/{rel}","templated":true}]}}